{"id":27948,"date":"2026-08-18T21:52:58","date_gmt":"2026-08-18T21:52:58","guid":{"rendered":"https:\/\/albanian-american-institute.org\/?p=27948"},"modified":"2026-08-18T21:53:00","modified_gmt":"2026-08-18T21:53:00","slug":"kryengritja-e-malesise-se-madhe-nen-udheheqjen-e-dede-gjon-lulit-dhe-roli-i-saj-ne-pavaresine-e-shqiperise-ligjeruese-dr-elena-kocaqi","status":"publish","type":"post","link":"https:\/\/albanian-american-institute.org\/sq\/2026\/08\/18\/kryengritja-e-malesise-se-madhe-nen-udheheqjen-e-dede-gjon-lulit-dhe-roli-i-saj-ne-pavaresine-e-shqiperise-ligjeruese-dr-elena-kocaqi\/","title":{"rendered":"Kryengritja e Mal\u00ebsis\u00eb s\u00eb Madhe n\u00ebn udh\u00ebheqjen e Ded\u00eb Gjon Lulit dhe roli i saj n\u00eb Pavar\u00ebsin\u00eb e Shqip\u00ebris\u00eb &#8211; ligjeruese Dr. Elena Kocaqi"},"content":{"rendered":"<p class=\"wp-block-paragraph\">Instituti Shqiptaro \u2013 Amerika ka nderin t\u2019ju \u200b\u200bftoj\u00eb m\u00eb 25 Gusht 2026, me fillimin n\u00eb or\u00ebn 20.00, n\u00eb QIK \u201cMal\u00ebsia\u201d n\u00eb Tuz, p\u00ebr t\u00eb d\u00ebgjuar nj\u00eb ligjerat\u00eb nga Dr. Elena Kocaqi, historiane shqiptare e njohur n\u00eb mbar\u00eb trevat e Shqip\u00ebris\u00eb e m\u00eb gj\u00ebr\u00eb.<br>Moderimin do e b\u00ebni Dr Nail Draga nga Ulqini.<\/p>\n\n\n\n<p class=\"wp-block-paragraph\">Nj\u00eb mbr\u00ebmje kushtuar historis\u00eb, q\u00ebndres\u00ebs dhe kontributit t\u00eb Mal\u00ebsis\u00eb s\u00eb Madhe n\u00eb rrug\u00ebn drejt\u00eb Pavar\u00ebsis\u00eb s\u00eb Shqip\u00ebris\u00eb, n\u00eb fokus t\u00eb ve\u00e7ant\u00eb figura e Ded\u00eb Gjon Lulit n\u00eb Pavar\u00ebsi t\u00eb Shqip\u00ebris\u00eb.<\/p>\n\n\n\n<figure class=\"wp-block-image size-large\"><img fetchpriority=\"high\" decoding=\"async\" width=\"683\" height=\"1024\" src=\"https:\/\/albanian-american-institute.org\/wp-content\/uploads\/2026\/08\/kocaqi-2-683x1024.jpg\" alt=\"\" class=\"wp-image-27949\" srcset=\"https:\/\/albanian-american-institute.org\/wp-content\/uploads\/2026\/08\/kocaqi-2-683x1024.jpg 683w, https:\/\/albanian-american-institute.org\/wp-content\/uploads\/2026\/08\/kocaqi-2-200x300.jpg 200w, https:\/\/albanian-american-institute.org\/wp-content\/uploads\/2026\/08\/kocaqi-2-768x1151.jpg 768w, https:\/\/albanian-american-institute.org\/wp-content\/uploads\/2026\/08\/kocaqi-2-8x12.jpg 8w, https:\/\/albanian-american-institute.org\/wp-content\/uploads\/2026\/08\/kocaqi-2.jpg 854w\" sizes=\"(max-width: 683px) 100vw, 683px\" \/><\/figure>","protected":false},"excerpt":{"rendered":"<p>Instituti Shqiptaro \u2013 Amerika ka nderin t\u2019ju \u200b\u200bftoj\u00eb m\u00eb 25 Gusht 2026, me fillimin n\u00eb or\u00ebn 20.00, n\u00eb QIK \u201cMal\u00ebsia\u201d n\u00eb Tuz, p\u00ebr t\u00eb d\u00ebgjuar nj\u00eb ligjerat\u00eb nga Dr. Elena Kocaqi, historiane shqiptare e njohur n\u00eb mbar\u00eb trevat e Shqip\u00ebris\u00eb e m\u00eb gj\u00ebr\u00eb.Moderimin do e b\u00ebni Dr Nail Draga nga Ulqini. Nj\u00eb mbr\u00ebmje kushtuar historis\u00eb, [&hellip;]<\/p>\n","protected":false},"author":1,"featured_media":27944,"comment_status":"closed","ping_status":"open","sticky":false,"template":"","format":"standard","meta":{"_acf_changed":false,"footnotes":""},"categories":[177,173],"tags":[],"class_list":["post-27948","post","type-post","status-publish","format-standard","has-post-thumbnail","hentry","category-lajme-ne-mal-te-zi","category-njoftime"],"acf":[],"yoast_head":"<!-- This site is optimized with the Yoast SEO plugin v28.1 - https:\/\/yoast.com\/product\/yoast-seo-wordpress\/ -->\n<title>Kryengritja e Mal\u00ebsis\u00eb s\u00eb Madhe n\u00ebn udh\u00ebheqjen e Ded\u00eb Gjon Lulit dhe roli i saj n\u00eb Pavar\u00ebsin\u00eb e Shqip\u00ebris\u00eb - ligjeruese Dr. Elena Kocaqi - AAI<\/title>\n<meta name=\"robots\" content=\"index, follow, max-snippet:-1, max-image-preview:large, max-video-preview:-1\" \/>\n<link rel=\"canonical\" href=\"https:\/\/albanian-american-institute.org\/sq\/2026\/08\/18\/kryengritja-e-malesise-se-madhe-nen-udheheqjen-e-dede-gjon-lulit-dhe-roli-i-saj-ne-pavaresine-e-shqiperise-ligjeruese-dr-elena-kocaqi\/\" \/>\n<meta property=\"og:locale\" content=\"sq_AL\" \/>\n<meta property=\"og:type\" content=\"article\" \/>\n<meta property=\"og:title\" content=\"Kryengritja e Mal\u00ebsis\u00eb s\u00eb Madhe n\u00ebn udh\u00ebheqjen e Ded\u00eb Gjon Lulit dhe roli i saj n\u00eb Pavar\u00ebsin\u00eb e Shqip\u00ebris\u00eb - ligjeruese Dr. Elena Kocaqi - AAI\" \/>\n<meta property=\"og:description\" content=\"Instituti Shqiptaro \u2013 Amerika ka nderin t\u2019ju \u200b\u200bftoj\u00eb m\u00eb 25 Gusht 2026, me fillimin n\u00eb or\u00ebn 20.00, n\u00eb QIK \u201cMal\u00ebsia\u201d n\u00eb Tuz, p\u00ebr t\u00eb d\u00ebgjuar nj\u00eb ligjerat\u00eb nga Dr. Elena Kocaqi, historiane shqiptare e njohur n\u00eb mbar\u00eb trevat e Shqip\u00ebris\u00eb e m\u00eb gj\u00ebr\u00eb.Moderimin do e b\u00ebni Dr Nail Draga nga Ulqini. Nj\u00eb mbr\u00ebmje kushtuar historis\u00eb, [&hellip;]\" \/>\n<meta property=\"og:url\" content=\"https:\/\/albanian-american-institute.org\/sq\/2026\/08\/18\/kryengritja-e-malesise-se-madhe-nen-udheheqjen-e-dede-gjon-lulit-dhe-roli-i-saj-ne-pavaresine-e-shqiperise-ligjeruese-dr-elena-kocaqi\/\" \/>\n<meta property=\"og:site_name\" content=\"AAI\" \/>\n<meta property=\"article:published_time\" content=\"2026-08-18T21:52:58+00:00\" \/>\n<meta property=\"article:modified_time\" content=\"2026-08-18T21:53:00+00:00\" \/>\n<meta property=\"og:image\" content=\"https:\/\/albanian-american-institute.org\/wp-content\/uploads\/2026\/08\/kocaqi.jpg\" \/>\n\t<meta property=\"og:image:width\" content=\"854\" \/>\n\t<meta property=\"og:image:height\" content=\"1280\" \/>\n\t<meta property=\"og:image:type\" content=\"image\/jpeg\" \/>\n<meta name=\"author\" content=\"admin-aai\" \/>\n<meta name=\"twitter:card\" content=\"summary_large_image\" \/>\n<meta name=\"twitter:label1\" content=\"Written by\" \/>\n\t<meta name=\"twitter:data1\" content=\"admin-aai\" \/>\n\t<meta name=\"twitter:label2\" content=\"Est. reading time\" \/>\n\t<meta name=\"twitter:data2\" content=\"1 minut\u00eb\" \/>\n<script type=\"application\/ld+json\" class=\"yoast-schema-graph\">{\"@context\":\"https:\\\/\\\/schema.org\",\"@graph\":[{\"@type\":\"Article\",\"@id\":\"https:\\\/\\\/albanian-american-institute.org\\\/sq\\\/2026\\\/08\\\/18\\\/kryengritja-e-malesise-se-madhe-nen-udheheqjen-e-dede-gjon-lulit-dhe-roli-i-saj-ne-pavaresine-e-shqiperise-ligjeruese-dr-elena-kocaqi\\\/#article\",\"isPartOf\":{\"@id\":\"https:\\\/\\\/albanian-american-institute.org\\\/sq\\\/2026\\\/08\\\/18\\\/kryengritja-e-malesise-se-madhe-nen-udheheqjen-e-dede-gjon-lulit-dhe-roli-i-saj-ne-pavaresine-e-shqiperise-ligjeruese-dr-elena-kocaqi\\\/\"},\"author\":{\"name\":\"admin-aai\",\"@id\":\"https:\\\/\\\/albanian-american-institute.org\\\/sq\\\/#\\\/schema\\\/person\\\/e1b18022e4c5b3f6e5647c000ac7c566\"},\"headline\":\"Kryengritja e Mal\u00ebsis\u00eb s\u00eb Madhe n\u00ebn udh\u00ebheqjen e Ded\u00eb Gjon Lulit dhe roli i saj n\u00eb Pavar\u00ebsin\u00eb e Shqip\u00ebris\u00eb &#8211; ligjeruese Dr. Elena Kocaqi\",\"datePublished\":\"2026-08-18T21:52:58+00:00\",\"dateModified\":\"2026-08-18T21:53:00+00:00\",\"mainEntityOfPage\":{\"@id\":\"https:\\\/\\\/albanian-american-institute.org\\\/sq\\\/2026\\\/08\\\/18\\\/kryengritja-e-malesise-se-madhe-nen-udheheqjen-e-dede-gjon-lulit-dhe-roli-i-saj-ne-pavaresine-e-shqiperise-ligjeruese-dr-elena-kocaqi\\\/\"},\"wordCount\":125,\"publisher\":{\"@id\":\"https:\\\/\\\/albanian-american-institute.org\\\/sq\\\/#\\\/schema\\\/person\\\/e1b18022e4c5b3f6e5647c000ac7c566\"},\"image\":{\"@id\":\"https:\\\/\\\/albanian-american-institute.org\\\/sq\\\/2026\\\/08\\\/18\\\/kryengritja-e-malesise-se-madhe-nen-udheheqjen-e-dede-gjon-lulit-dhe-roli-i-saj-ne-pavaresine-e-shqiperise-ligjeruese-dr-elena-kocaqi\\\/#primaryimage\"},\"thumbnailUrl\":\"https:\\\/\\\/albanian-american-institute.org\\\/wp-content\\\/uploads\\\/2026\\\/08\\\/kocaqi.jpg\",\"articleSection\":[\"Lajme n\u00eb Mal t\u00eb Zi\",\"Njoftime\"],\"inLanguage\":\"sq\"},{\"@type\":\"WebPage\",\"@id\":\"https:\\\/\\\/albanian-american-institute.org\\\/sq\\\/2026\\\/08\\\/18\\\/kryengritja-e-malesise-se-madhe-nen-udheheqjen-e-dede-gjon-lulit-dhe-roli-i-saj-ne-pavaresine-e-shqiperise-ligjeruese-dr-elena-kocaqi\\\/\",\"url\":\"https:\\\/\\\/albanian-american-institute.org\\\/sq\\\/2026\\\/08\\\/18\\\/kryengritja-e-malesise-se-madhe-nen-udheheqjen-e-dede-gjon-lulit-dhe-roli-i-saj-ne-pavaresine-e-shqiperise-ligjeruese-dr-elena-kocaqi\\\/\",\"name\":\"Kryengritja e Mal\u00ebsis\u00eb s\u00eb Madhe n\u00ebn udh\u00ebheqjen e Ded\u00eb Gjon Lulit dhe roli i saj n\u00eb Pavar\u00ebsin\u00eb e Shqip\u00ebris\u00eb - ligjeruese Dr. Elena Kocaqi - AAI\",\"isPartOf\":{\"@id\":\"https:\\\/\\\/albanian-american-institute.org\\\/sq\\\/#website\"},\"primaryImageOfPage\":{\"@id\":\"https:\\\/\\\/albanian-american-institute.org\\\/sq\\\/2026\\\/08\\\/18\\\/kryengritja-e-malesise-se-madhe-nen-udheheqjen-e-dede-gjon-lulit-dhe-roli-i-saj-ne-pavaresine-e-shqiperise-ligjeruese-dr-elena-kocaqi\\\/#primaryimage\"},\"image\":{\"@id\":\"https:\\\/\\\/albanian-american-institute.org\\\/sq\\\/2026\\\/08\\\/18\\\/kryengritja-e-malesise-se-madhe-nen-udheheqjen-e-dede-gjon-lulit-dhe-roli-i-saj-ne-pavaresine-e-shqiperise-ligjeruese-dr-elena-kocaqi\\\/#primaryimage\"},\"thumbnailUrl\":\"https:\\\/\\\/albanian-american-institute.org\\\/wp-content\\\/uploads\\\/2026\\\/08\\\/kocaqi.jpg\",\"datePublished\":\"2026-08-18T21:52:58+00:00\",\"dateModified\":\"2026-08-18T21:53:00+00:00\",\"breadcrumb\":{\"@id\":\"https:\\\/\\\/albanian-american-institute.org\\\/sq\\\/2026\\\/08\\\/18\\\/kryengritja-e-malesise-se-madhe-nen-udheheqjen-e-dede-gjon-lulit-dhe-roli-i-saj-ne-pavaresine-e-shqiperise-ligjeruese-dr-elena-kocaqi\\\/#breadcrumb\"},\"inLanguage\":\"sq\",\"potentialAction\":[{\"@type\":\"ReadAction\",\"target\":[\"https:\\\/\\\/albanian-american-institute.org\\\/sq\\\/2026\\\/08\\\/18\\\/kryengritja-e-malesise-se-madhe-nen-udheheqjen-e-dede-gjon-lulit-dhe-roli-i-saj-ne-pavaresine-e-shqiperise-ligjeruese-dr-elena-kocaqi\\\/\"]}]},{\"@type\":\"ImageObject\",\"inLanguage\":\"sq\",\"@id\":\"https:\\\/\\\/albanian-american-institute.org\\\/sq\\\/2026\\\/08\\\/18\\\/kryengritja-e-malesise-se-madhe-nen-udheheqjen-e-dede-gjon-lulit-dhe-roli-i-saj-ne-pavaresine-e-shqiperise-ligjeruese-dr-elena-kocaqi\\\/#primaryimage\",\"url\":\"https:\\\/\\\/albanian-american-institute.org\\\/wp-content\\\/uploads\\\/2026\\\/08\\\/kocaqi.jpg\",\"contentUrl\":\"https:\\\/\\\/albanian-american-institute.org\\\/wp-content\\\/uploads\\\/2026\\\/08\\\/kocaqi.jpg\",\"width\":854,\"height\":1280},{\"@type\":\"BreadcrumbList\",\"@id\":\"https:\\\/\\\/albanian-american-institute.org\\\/sq\\\/2026\\\/08\\\/18\\\/kryengritja-e-malesise-se-madhe-nen-udheheqjen-e-dede-gjon-lulit-dhe-roli-i-saj-ne-pavaresine-e-shqiperise-ligjeruese-dr-elena-kocaqi\\\/#breadcrumb\",\"itemListElement\":[{\"@type\":\"ListItem\",\"position\":1,\"name\":\"Home\",\"item\":\"https:\\\/\\\/albanian-american-institute.org\\\/sq\\\/hyrje\\\/\"},{\"@type\":\"ListItem\",\"position\":2,\"name\":\"Kryengritja e Mal\u00ebsis\u00eb s\u00eb Madhe n\u00ebn udh\u00ebheqjen e Ded\u00eb Gjon Lulit dhe roli i saj n\u00eb Pavar\u00ebsin\u00eb e Shqip\u00ebris\u00eb &#8211; ligjeruese Dr. Elena Kocaqi\"}]},{\"@type\":\"WebSite\",\"@id\":\"https:\\\/\\\/albanian-american-institute.org\\\/sq\\\/#website\",\"url\":\"https:\\\/\\\/albanian-american-institute.org\\\/sq\\\/\",\"name\":\"AAI\",\"description\":\"AAI\",\"publisher\":{\"@id\":\"https:\\\/\\\/albanian-american-institute.org\\\/sq\\\/#\\\/schema\\\/person\\\/e1b18022e4c5b3f6e5647c000ac7c566\"},\"potentialAction\":[{\"@type\":\"SearchAction\",\"target\":{\"@type\":\"EntryPoint\",\"urlTemplate\":\"https:\\\/\\\/albanian-american-institute.org\\\/sq\\\/?s={search_term_string}\"},\"query-input\":{\"@type\":\"PropertyValueSpecification\",\"valueRequired\":true,\"valueName\":\"search_term_string\"}}],\"inLanguage\":\"sq\"},{\"@type\":[\"Person\",\"Organization\"],\"@id\":\"https:\\\/\\\/albanian-american-institute.org\\\/sq\\\/#\\\/schema\\\/person\\\/e1b18022e4c5b3f6e5647c000ac7c566\",\"name\":\"admin-aai\",\"image\":{\"@type\":\"ImageObject\",\"inLanguage\":\"sq\",\"@id\":\"https:\\\/\\\/secure.gravatar.com\\\/avatar\\\/5034325f5f268436bdd3215b21588654a01c97d76f1a0899054bd98511fa1193?s=96&d=mm&r=g\",\"url\":\"https:\\\/\\\/secure.gravatar.com\\\/avatar\\\/5034325f5f268436bdd3215b21588654a01c97d76f1a0899054bd98511fa1193?s=96&d=mm&r=g\",\"contentUrl\":\"https:\\\/\\\/secure.gravatar.com\\\/avatar\\\/5034325f5f268436bdd3215b21588654a01c97d76f1a0899054bd98511fa1193?s=96&d=mm&r=g\",\"caption\":\"admin-aai\"},\"logo\":{\"@id\":\"https:\\\/\\\/secure.gravatar.com\\\/avatar\\\/5034325f5f268436bdd3215b21588654a01c97d76f1a0899054bd98511fa1193?s=96&d=mm&r=g\"},\"sameAs\":[\"https:\\\/\\\/albanian-american-institute.org\"],\"url\":\"https:\\\/\\\/albanian-american-institute.org\\\/sq\\\/author\\\/admin-aai\\\/\"}]}<\/script>\n<!-- \/ Yoast SEO plugin. -->","yoast_head_json":{"title":"Kryengritja e Mal\u00ebsis\u00eb s\u00eb Madhe n\u00ebn udh\u00ebheqjen e Ded\u00eb Gjon Lulit dhe roli i saj n\u00eb Pavar\u00ebsin\u00eb e Shqip\u00ebris\u00eb - ligjeruese Dr. Elena Kocaqi - AAI","robots":{"index":"index","follow":"follow","max-snippet":"max-snippet:-1","max-image-preview":"max-image-preview:large","max-video-preview":"max-video-preview:-1"},"canonical":"https:\/\/albanian-american-institute.org\/sq\/2026\/08\/18\/kryengritja-e-malesise-se-madhe-nen-udheheqjen-e-dede-gjon-lulit-dhe-roli-i-saj-ne-pavaresine-e-shqiperise-ligjeruese-dr-elena-kocaqi\/","og_locale":"sq_AL","og_type":"article","og_title":"Kryengritja e Mal\u00ebsis\u00eb s\u00eb Madhe n\u00ebn udh\u00ebheqjen e Ded\u00eb Gjon Lulit dhe roli i saj n\u00eb Pavar\u00ebsin\u00eb e Shqip\u00ebris\u00eb - ligjeruese Dr. Elena Kocaqi - AAI","og_description":"Instituti Shqiptaro \u2013 Amerika ka nderin t\u2019ju \u200b\u200bftoj\u00eb m\u00eb 25 Gusht 2026, me fillimin n\u00eb or\u00ebn 20.00, n\u00eb QIK \u201cMal\u00ebsia\u201d n\u00eb Tuz, p\u00ebr t\u00eb d\u00ebgjuar nj\u00eb ligjerat\u00eb nga Dr. Elena Kocaqi, historiane shqiptare e njohur n\u00eb mbar\u00eb trevat e Shqip\u00ebris\u00eb e m\u00eb gj\u00ebr\u00eb.Moderimin do e b\u00ebni Dr Nail Draga nga Ulqini. Nj\u00eb mbr\u00ebmje kushtuar historis\u00eb, [&hellip;]","og_url":"https:\/\/albanian-american-institute.org\/sq\/2026\/08\/18\/kryengritja-e-malesise-se-madhe-nen-udheheqjen-e-dede-gjon-lulit-dhe-roli-i-saj-ne-pavaresine-e-shqiperise-ligjeruese-dr-elena-kocaqi\/","og_site_name":"AAI","article_published_time":"2026-08-18T21:52:58+00:00","article_modified_time":"2026-08-18T21:53:00+00:00","og_image":[{"width":854,"height":1280,"url":"https:\/\/albanian-american-institute.org\/wp-content\/uploads\/2026\/08\/kocaqi.jpg","type":"image\/jpeg"}],"author":"admin-aai","twitter_card":"summary_large_image","twitter_misc":{"Written by":"admin-aai","Est. reading time":"1 minut\u00eb"},"schema":{"@context":"https:\/\/schema.org","@graph":[{"@type":"Article","@id":"https:\/\/albanian-american-institute.org\/sq\/2026\/08\/18\/kryengritja-e-malesise-se-madhe-nen-udheheqjen-e-dede-gjon-lulit-dhe-roli-i-saj-ne-pavaresine-e-shqiperise-ligjeruese-dr-elena-kocaqi\/#article","isPartOf":{"@id":"https:\/\/albanian-american-institute.org\/sq\/2026\/08\/18\/kryengritja-e-malesise-se-madhe-nen-udheheqjen-e-dede-gjon-lulit-dhe-roli-i-saj-ne-pavaresine-e-shqiperise-ligjeruese-dr-elena-kocaqi\/"},"author":{"name":"admin-aai","@id":"https:\/\/albanian-american-institute.org\/sq\/#\/schema\/person\/e1b18022e4c5b3f6e5647c000ac7c566"},"headline":"Kryengritja e Mal\u00ebsis\u00eb s\u00eb Madhe n\u00ebn udh\u00ebheqjen e Ded\u00eb Gjon Lulit dhe roli i saj n\u00eb Pavar\u00ebsin\u00eb e Shqip\u00ebris\u00eb &#8211; ligjeruese Dr. Elena Kocaqi","datePublished":"2026-08-18T21:52:58+00:00","dateModified":"2026-08-18T21:53:00+00:00","mainEntityOfPage":{"@id":"https:\/\/albanian-american-institute.org\/sq\/2026\/08\/18\/kryengritja-e-malesise-se-madhe-nen-udheheqjen-e-dede-gjon-lulit-dhe-roli-i-saj-ne-pavaresine-e-shqiperise-ligjeruese-dr-elena-kocaqi\/"},"wordCount":125,"publisher":{"@id":"https:\/\/albanian-american-institute.org\/sq\/#\/schema\/person\/e1b18022e4c5b3f6e5647c000ac7c566"},"image":{"@id":"https:\/\/albanian-american-institute.org\/sq\/2026\/08\/18\/kryengritja-e-malesise-se-madhe-nen-udheheqjen-e-dede-gjon-lulit-dhe-roli-i-saj-ne-pavaresine-e-shqiperise-ligjeruese-dr-elena-kocaqi\/#primaryimage"},"thumbnailUrl":"https:\/\/albanian-american-institute.org\/wp-content\/uploads\/2026\/08\/kocaqi.jpg","articleSection":["Lajme n\u00eb Mal t\u00eb Zi","Njoftime"],"inLanguage":"sq"},{"@type":"WebPage","@id":"https:\/\/albanian-american-institute.org\/sq\/2026\/08\/18\/kryengritja-e-malesise-se-madhe-nen-udheheqjen-e-dede-gjon-lulit-dhe-roli-i-saj-ne-pavaresine-e-shqiperise-ligjeruese-dr-elena-kocaqi\/","url":"https:\/\/albanian-american-institute.org\/sq\/2026\/08\/18\/kryengritja-e-malesise-se-madhe-nen-udheheqjen-e-dede-gjon-lulit-dhe-roli-i-saj-ne-pavaresine-e-shqiperise-ligjeruese-dr-elena-kocaqi\/","name":"Kryengritja e Mal\u00ebsis\u00eb s\u00eb Madhe n\u00ebn udh\u00ebheqjen e Ded\u00eb Gjon Lulit dhe roli i saj n\u00eb Pavar\u00ebsin\u00eb e Shqip\u00ebris\u00eb - ligjeruese Dr. Elena Kocaqi - AAI","isPartOf":{"@id":"https:\/\/albanian-american-institute.org\/sq\/#website"},"primaryImageOfPage":{"@id":"https:\/\/albanian-american-institute.org\/sq\/2026\/08\/18\/kryengritja-e-malesise-se-madhe-nen-udheheqjen-e-dede-gjon-lulit-dhe-roli-i-saj-ne-pavaresine-e-shqiperise-ligjeruese-dr-elena-kocaqi\/#primaryimage"},"image":{"@id":"https:\/\/albanian-american-institute.org\/sq\/2026\/08\/18\/kryengritja-e-malesise-se-madhe-nen-udheheqjen-e-dede-gjon-lulit-dhe-roli-i-saj-ne-pavaresine-e-shqiperise-ligjeruese-dr-elena-kocaqi\/#primaryimage"},"thumbnailUrl":"https:\/\/albanian-american-institute.org\/wp-content\/uploads\/2026\/08\/kocaqi.jpg","datePublished":"2026-08-18T21:52:58+00:00","dateModified":"2026-08-18T21:53:00+00:00","breadcrumb":{"@id":"https:\/\/albanian-american-institute.org\/sq\/2026\/08\/18\/kryengritja-e-malesise-se-madhe-nen-udheheqjen-e-dede-gjon-lulit-dhe-roli-i-saj-ne-pavaresine-e-shqiperise-ligjeruese-dr-elena-kocaqi\/#breadcrumb"},"inLanguage":"sq","potentialAction":[{"@type":"ReadAction","target":["https:\/\/albanian-american-institute.org\/sq\/2026\/08\/18\/kryengritja-e-malesise-se-madhe-nen-udheheqjen-e-dede-gjon-lulit-dhe-roli-i-saj-ne-pavaresine-e-shqiperise-ligjeruese-dr-elena-kocaqi\/"]}]},{"@type":"ImageObject","inLanguage":"sq","@id":"https:\/\/albanian-american-institute.org\/sq\/2026\/08\/18\/kryengritja-e-malesise-se-madhe-nen-udheheqjen-e-dede-gjon-lulit-dhe-roli-i-saj-ne-pavaresine-e-shqiperise-ligjeruese-dr-elena-kocaqi\/#primaryimage","url":"https:\/\/albanian-american-institute.org\/wp-content\/uploads\/2026\/08\/kocaqi.jpg","contentUrl":"https:\/\/albanian-american-institute.org\/wp-content\/uploads\/2026\/08\/kocaqi.jpg","width":854,"height":1280},{"@type":"BreadcrumbList","@id":"https:\/\/albanian-american-institute.org\/sq\/2026\/08\/18\/kryengritja-e-malesise-se-madhe-nen-udheheqjen-e-dede-gjon-lulit-dhe-roli-i-saj-ne-pavaresine-e-shqiperise-ligjeruese-dr-elena-kocaqi\/#breadcrumb","itemListElement":[{"@type":"ListItem","position":1,"name":"Home","item":"https:\/\/albanian-american-institute.org\/sq\/hyrje\/"},{"@type":"ListItem","position":2,"name":"Kryengritja e Mal\u00ebsis\u00eb s\u00eb Madhe n\u00ebn udh\u00ebheqjen e Ded\u00eb Gjon Lulit dhe roli i saj n\u00eb Pavar\u00ebsin\u00eb e Shqip\u00ebris\u00eb &#8211; ligjeruese Dr. Elena Kocaqi"}]},{"@type":"WebSite","@id":"https:\/\/albanian-american-institute.org\/sq\/#website","url":"https:\/\/albanian-american-institute.org\/sq\/","name":"AAI","description":"AAI","publisher":{"@id":"https:\/\/albanian-american-institute.org\/sq\/#\/schema\/person\/e1b18022e4c5b3f6e5647c000ac7c566"},"potentialAction":[{"@type":"SearchAction","target":{"@type":"EntryPoint","urlTemplate":"https:\/\/albanian-american-institute.org\/sq\/?s={search_term_string}"},"query-input":{"@type":"PropertyValueSpecification","valueRequired":true,"valueName":"search_term_string"}}],"inLanguage":"sq"},{"@type":["Person","Organization"],"@id":"https:\/\/albanian-american-institute.org\/sq\/#\/schema\/person\/e1b18022e4c5b3f6e5647c000ac7c566","name":"admin-aai","image":{"@type":"ImageObject","inLanguage":"sq","@id":"https:\/\/secure.gravatar.com\/avatar\/5034325f5f268436bdd3215b21588654a01c97d76f1a0899054bd98511fa1193?s=96&d=mm&r=g","url":"https:\/\/secure.gravatar.com\/avatar\/5034325f5f268436bdd3215b21588654a01c97d76f1a0899054bd98511fa1193?s=96&d=mm&r=g","contentUrl":"https:\/\/secure.gravatar.com\/avatar\/5034325f5f268436bdd3215b21588654a01c97d76f1a0899054bd98511fa1193?s=96&d=mm&r=g","caption":"admin-aai"},"logo":{"@id":"https:\/\/secure.gravatar.com\/avatar\/5034325f5f268436bdd3215b21588654a01c97d76f1a0899054bd98511fa1193?s=96&d=mm&r=g"},"sameAs":["https:\/\/albanian-american-institute.org"],"url":"https:\/\/albanian-american-institute.org\/sq\/author\/admin-aai\/"}]}},"lang":"sq","translations":{"sq":27948,"en":27945},"_links":{"self":[{"href":"https:\/\/albanian-american-institute.org\/sq\/wp-json\/wp\/v2\/posts\/27948","targetHints":{"allow":["GET"]}}],"collection":[{"href":"https:\/\/albanian-american-institute.org\/sq\/wp-json\/wp\/v2\/posts"}],"about":[{"href":"https:\/\/albanian-american-institute.org\/sq\/wp-json\/wp\/v2\/types\/post"}],"author":[{"embeddable":true,"href":"https:\/\/albanian-american-institute.org\/sq\/wp-json\/wp\/v2\/users\/1"}],"replies":[{"embeddable":true,"href":"https:\/\/albanian-american-institute.org\/sq\/wp-json\/wp\/v2\/comments?post=27948"}],"version-history":[{"count":1,"href":"https:\/\/albanian-american-institute.org\/sq\/wp-json\/wp\/v2\/posts\/27948\/revisions"}],"predecessor-version":[{"id":27950,"href":"https:\/\/albanian-american-institute.org\/sq\/wp-json\/wp\/v2\/posts\/27948\/revisions\/27950"}],"wp:attachment":[{"href":"https:\/\/albanian-american-institute.org\/sq\/wp-json\/wp\/v2\/media?parent=27948"}],"wp:term":[{"taxonomy":"category","embeddable":true,"href":"https:\/\/albanian-american-institute.org\/sq\/wp-json\/wp\/v2\/categories?post=27948"},{"taxonomy":"post_tag","embeddable":true,"href":"https:\/\/albanian-american-institute.org\/sq\/wp-json\/wp\/v2\/tags?post=27948"}],"curies":[{"name":"wp","href":"https:\/\/api.w.org\/{rel}","templated":true}]}}