{"id":27794,"date":"2026-04-23T21:12:08","date_gmt":"2026-04-23T21:12:08","guid":{"rendered":"https:\/\/albanian-american-institute.org\/?p=27794"},"modified":"2026-04-23T21:12:09","modified_gmt":"2026-04-23T21:12:09","slug":"u-festua-ne-new-york-115-vjetori-i-kryengritjes-se-malesise","status":"publish","type":"post","link":"https:\/\/albanian-american-institute.org\/sq\/2026\/04\/23\/u-festua-ne-new-york-115-vjetori-i-kryengritjes-se-malesise\/","title":{"rendered":"U FESTUA N\u00cb NEW YORK 115 VJETORI I KRYENGRITJES S\u00cb MAL\u00cbSIS\u00cb"},"content":{"rendered":"<p>Sokol Paja<br>New York, 18 prill 2026 &#8211; Shoqata Mal\u00ebsia e Madhe &#8211; New York bashkoi bashkatdhetar\u00eb, patriot\u00eb e aktivist\u00eb t\u00eb \u00e7\u00ebshtjes komb\u00ebtare p\u00ebr t\u00eb p\u00ebrkujtuar e nderuar 115 vjetorin e kryengritjes s\u00eb Mal\u00ebsis\u00eb, nj\u00eb ngjarje historike q\u00eb ka l\u00ebn\u00eb gjurm\u00eb pa shlyeshme n\u00eb historin\u00eb komb\u00ebtare. Kjo fest\u00eb nderon me respekt dhe vler\u00ebsim kontributin e patriot\u00ebve shqiptar\u00eb q\u00eb dhan\u00eb gjith\u00e7ka p\u00ebr lirin\u00eb e pavar\u00ebsin\u00eb e Atdheut. Shoqata Mal\u00ebsia e Madhe n\u00eb New York prej m\u00eb shum\u00eb se tri dekada ka kontribuar thelb\u00ebsisht n\u00eb aktivitetet patriotike dhe atdhetare n\u00eb New York duke bashkuar, udh\u00ebhequr e promovuar interesin komb\u00ebtar n\u00eb m\u00ebrgat\u00ebn shqiptare t\u00eb Shteteve t\u00eb Bashkuara t\u00eb Amerik\u00ebs.<br>Me prezantimin e shk\u00eblqyer dhe elegant t\u00eb Veronika Jun\u00e7aj e Sakib Beqaj, mbr\u00ebmja festive filloi me himnin komb\u00ebtare t\u00eb Republik\u00ebs s\u00eb Shqip\u00ebris\u00eb k\u00ebnduar nga Gjystina Bojaj dhe himni i Shteteve t\u00eb Bashkuara t\u00eb Amerik\u00ebs. Kryengritja e Mal\u00ebsis\u00eb s\u00eb Madhe e vitit 1911me n\u00eb krye trimin mal\u00ebsor Ded\u00eb Gjo Luli ishte ngjarje e r\u00ebnd\u00ebsishme historike dhe me karakter gjith\u00ebp\u00ebrfshir\u00ebs p\u00ebr interesa dhe t\u00eb drejta t\u00eb shqiptar\u00ebve.<br>Kryetari i shoqat\u00ebs &#8220;Mal\u00ebsia e Madhe&#8221; z.Senad Lulanaj n\u00eb fjal\u00ebn e tij theksoi se kryengritja e Mal\u00ebsis\u00eb s\u00eb Madhe ishte mesazh e frym\u00ebzim mbar\u00ebkomb\u00ebtar p\u00ebr Pavar\u00ebsin\u00eb e Shqip\u00ebris\u00eb. Kryengritja e Mal\u00ebsis\u00eb \u00ebsht\u00eb nj\u00eb amanet p\u00ebr t\u00eb mbrojtur historin\u00eb komb\u00ebtare, tradit\u00ebn e gjuh\u00ebn shqipe, tha nd\u00ebr t\u00eb tjera z.Lulanaj.<br>Fol\u00ebsja kryesore e mbr\u00ebmjes ishte Av.Linda Nikaj. N\u00eb fjal\u00ebn e saj u shpreh se sonte festojm\u00eb nj\u00eb moment t\u00eb madh n\u00eb historin\u00eb ton\u00eb \u2014 Kryengritjen e Mal\u00ebsis\u00eb, t\u00eb udh\u00ebhequr nga heroi yn\u00eb komb\u00ebtar Ded\u00eb Gjon Luli. M\u00eb 6 prill 1911, ne ngrit\u00ebm flamurin ton\u00eb etnik, flamurin q\u00eb simbolizon identitetin dhe mbijetes\u00ebn ton\u00eb. Ata q\u00eb luftuan p\u00ebr ne \u2014 nga Ded\u00eb Gjon Luli n\u00eb De\u00e7iq deri tek ata q\u00eb sakrifikuan gjat\u00eb luft\u00ebs n\u00eb Kosov\u00eb \u2014 nuk luftuan q\u00eb identiteti yn\u00eb t\u00eb zbehej. Ata luftuan q\u00eb identiteti yn\u00eb t\u00eb q\u00ebndroj\u00eb \u2014 dhe t\u00eb lul\u00ebzoj\u00eb! Sonte, nd\u00ebrsa nderojm\u00eb kryengritjen e vitit 1911, ne nderojm\u00eb jo vet\u00ebm q\u00ebndres\u00ebn dhe k\u00ebmb\u00ebnguljen, por edhe triumfin, i arritsh\u00ebm vet\u00ebm p\u00ebrmes unitetit, tha nd\u00ebr t\u00eb tjera Av. Nikaj. Sipas saj, sonte nderohet momenti kur nj\u00eb krahin\u00eb e vog\u00ebl u ngrit kund\u00ebr nj\u00eb perandorie t\u00eb madhe dhe shpalli ekzistenc\u00ebn e saj para bot\u00ebs.<br>Flamuri i ngritur n\u00eb at\u00eb maj\u00eb mali u b\u00eb shk\u00ebndija q\u00eb \u00e7oi drejt pavar\u00ebsis\u00eb s\u00eb Shqip\u00ebris\u00eb n\u00eb vitin 1912. Ajo e mbylli fjal\u00ebn e saj me urimin &#8220;secili prej jush uroj t\u00eb arrij\u00eb madh\u00ebshti po aq t\u00eb q\u00ebndrueshme dhe t\u00eb fuqishme sa malet e Mal\u00ebsis\u00eb s\u00eb Madhe&#8221;.<br>Ansambli Folklorik \u201cBashkimi Komb\u00ebtar\u201d me artist\u00ebt Vasel Shkreli me lahut\u00eb, Tom\u00eb Gjergji &#8211; k\u00ebng\u00ebtar, Haxhi Zeneli \u2013 k\u00ebng\u00ebtar, Sadik Gjokaj me fyell, Gjergj Dedvukaj me recitim p\u00ebrgatit\u00ebn nj\u00eb performanc\u00eb me disa rapsodi, melodi, k\u00ebng\u00eb e poezi me instrumente dhe k\u00ebng\u00eb tipike dhe tradicionale kushtuar kryengritjes s\u00eb Mal\u00ebsis\u00eb. Festa vazhdoi deri n\u00eb or\u00ebt e vona n\u00ebn arg\u00ebtimin brilant t\u00eb Mal\u00ebsori Prenko\u00e7aj dhe Viki Camaj.<\/p>\n\n\n\n<figure class=\"wp-block-gallery has-nested-images columns-default is-cropped wp-block-gallery-1 is-layout-flex wp-block-gallery-is-layout-flex\">\n<figure class=\"wp-block-image size-large\"><img fetchpriority=\"high\" decoding=\"async\" width=\"683\" height=\"1024\" data-id=\"27796\" src=\"https:\/\/albanian-american-institute.org\/wp-content\/uploads\/2026\/04\/foto-14-1-683x1024.jpg\" alt=\"\" class=\"wp-image-27796\" srcset=\"https:\/\/albanian-american-institute.org\/wp-content\/uploads\/2026\/04\/foto-14-1-683x1024.jpg 683w, https:\/\/albanian-american-institute.org\/wp-content\/uploads\/2026\/04\/foto-14-1-200x300.jpg 200w, https:\/\/albanian-american-institute.org\/wp-content\/uploads\/2026\/04\/foto-14-1-768x1151.jpg 768w, https:\/\/albanian-american-institute.org\/wp-content\/uploads\/2026\/04\/foto-14-1-1025x1536.jpg 1025w, https:\/\/albanian-american-institute.org\/wp-content\/uploads\/2026\/04\/foto-14-1-8x12.jpg 8w, https:\/\/albanian-american-institute.org\/wp-content\/uploads\/2026\/04\/foto-14-1.jpg 1366w\" sizes=\"(max-width: 683px) 100vw, 683px\" \/><\/figure>\n\n\n\n<figure class=\"wp-block-image size-large\"><img decoding=\"async\" width=\"1024\" height=\"629\" data-id=\"27805\" src=\"https:\/\/albanian-american-institute.org\/wp-content\/uploads\/2026\/04\/foto-1-3-1024x629.jpg\" alt=\"\" class=\"wp-image-27805\" srcset=\"https:\/\/albanian-american-institute.org\/wp-content\/uploads\/2026\/04\/foto-1-3-1024x629.jpg 1024w, https:\/\/albanian-american-institute.org\/wp-content\/uploads\/2026\/04\/foto-1-3-300x184.jpg 300w, https:\/\/albanian-american-institute.org\/wp-content\/uploads\/2026\/04\/foto-1-3-768x472.jpg 768w, https:\/\/albanian-american-institute.org\/wp-content\/uploads\/2026\/04\/foto-1-3-1536x944.jpg 1536w, https:\/\/albanian-american-institute.org\/wp-content\/uploads\/2026\/04\/foto-1-3-18x12.jpg 18w, https:\/\/albanian-american-institute.org\/wp-content\/uploads\/2026\/04\/foto-1-3.jpg 2048w\" sizes=\"(max-width: 1024px) 100vw, 1024px\" \/><\/figure>\n\n\n\n<figure class=\"wp-block-image size-large\"><img decoding=\"async\" width=\"1024\" height=\"478\" data-id=\"27798\" src=\"https:\/\/albanian-american-institute.org\/wp-content\/uploads\/2026\/04\/foto-13-1-1024x478.jpg\" alt=\"\" class=\"wp-image-27798\" srcset=\"https:\/\/albanian-american-institute.org\/wp-content\/uploads\/2026\/04\/foto-13-1-1024x478.jpg 1024w, https:\/\/albanian-american-institute.org\/wp-content\/uploads\/2026\/04\/foto-13-1-300x140.jpg 300w, https:\/\/albanian-american-institute.org\/wp-content\/uploads\/2026\/04\/foto-13-1-768x359.jpg 768w, https:\/\/albanian-american-institute.org\/wp-content\/uploads\/2026\/04\/foto-13-1-1536x717.jpg 1536w, https:\/\/albanian-american-institute.org\/wp-content\/uploads\/2026\/04\/foto-13-1-18x8.jpg 18w, https:\/\/albanian-american-institute.org\/wp-content\/uploads\/2026\/04\/foto-13-1.jpg 2000w\" sizes=\"(max-width: 1024px) 100vw, 1024px\" \/><\/figure>\n\n\n\n<figure class=\"wp-block-image size-large\"><img loading=\"lazy\" decoding=\"async\" width=\"1024\" height=\"478\" data-id=\"27797\" src=\"https:\/\/albanian-american-institute.org\/wp-content\/uploads\/2026\/04\/foto-12-1-1024x478.jpg\" alt=\"\" class=\"wp-image-27797\" srcset=\"https:\/\/albanian-american-institute.org\/wp-content\/uploads\/2026\/04\/foto-12-1-1024x478.jpg 1024w, https:\/\/albanian-american-institute.org\/wp-content\/uploads\/2026\/04\/foto-12-1-300x140.jpg 300w, https:\/\/albanian-american-institute.org\/wp-content\/uploads\/2026\/04\/foto-12-1-768x359.jpg 768w, https:\/\/albanian-american-institute.org\/wp-content\/uploads\/2026\/04\/foto-12-1-1536x717.jpg 1536w, https:\/\/albanian-american-institute.org\/wp-content\/uploads\/2026\/04\/foto-12-1-18x8.jpg 18w, https:\/\/albanian-american-institute.org\/wp-content\/uploads\/2026\/04\/foto-12-1.jpg 2000w\" sizes=\"(max-width: 1024px) 100vw, 1024px\" \/><\/figure>\n\n\n\n<figure class=\"wp-block-image size-large\"><img loading=\"lazy\" decoding=\"async\" width=\"1024\" height=\"478\" data-id=\"27799\" src=\"https:\/\/albanian-american-institute.org\/wp-content\/uploads\/2026\/04\/foto-11-1-1024x478.jpg\" alt=\"\" class=\"wp-image-27799\" srcset=\"https:\/\/albanian-american-institute.org\/wp-content\/uploads\/2026\/04\/foto-11-1-1024x478.jpg 1024w, https:\/\/albanian-american-institute.org\/wp-content\/uploads\/2026\/04\/foto-11-1-300x140.jpg 300w, https:\/\/albanian-american-institute.org\/wp-content\/uploads\/2026\/04\/foto-11-1-768x359.jpg 768w, https:\/\/albanian-american-institute.org\/wp-content\/uploads\/2026\/04\/foto-11-1-1536x717.jpg 1536w, https:\/\/albanian-american-institute.org\/wp-content\/uploads\/2026\/04\/foto-11-1-18x8.jpg 18w, https:\/\/albanian-american-institute.org\/wp-content\/uploads\/2026\/04\/foto-11-1.jpg 2000w\" sizes=\"(max-width: 1024px) 100vw, 1024px\" \/><\/figure>\n\n\n\n<figure class=\"wp-block-image size-large\"><img loading=\"lazy\" decoding=\"async\" width=\"1024\" height=\"478\" data-id=\"27795\" src=\"https:\/\/albanian-american-institute.org\/wp-content\/uploads\/2026\/04\/foto-10-1-1024x478.jpg\" alt=\"\" class=\"wp-image-27795\" srcset=\"https:\/\/albanian-american-institute.org\/wp-content\/uploads\/2026\/04\/foto-10-1-1024x478.jpg 1024w, https:\/\/albanian-american-institute.org\/wp-content\/uploads\/2026\/04\/foto-10-1-300x140.jpg 300w, https:\/\/albanian-american-institute.org\/wp-content\/uploads\/2026\/04\/foto-10-1-768x359.jpg 768w, https:\/\/albanian-american-institute.org\/wp-content\/uploads\/2026\/04\/foto-10-1-1536x717.jpg 1536w, https:\/\/albanian-american-institute.org\/wp-content\/uploads\/2026\/04\/foto-10-1-18x8.jpg 18w, https:\/\/albanian-american-institute.org\/wp-content\/uploads\/2026\/04\/foto-10-1.jpg 2000w\" sizes=\"(max-width: 1024px) 100vw, 1024px\" \/><\/figure>\n\n\n\n<figure class=\"wp-block-image size-large\"><img loading=\"lazy\" decoding=\"async\" width=\"1024\" height=\"478\" data-id=\"27800\" src=\"https:\/\/albanian-american-institute.org\/wp-content\/uploads\/2026\/04\/foto-9-1-1024x478.jpg\" alt=\"\" class=\"wp-image-27800\" srcset=\"https:\/\/albanian-american-institute.org\/wp-content\/uploads\/2026\/04\/foto-9-1-1024x478.jpg 1024w, https:\/\/albanian-american-institute.org\/wp-content\/uploads\/2026\/04\/foto-9-1-300x140.jpg 300w, https:\/\/albanian-american-institute.org\/wp-content\/uploads\/2026\/04\/foto-9-1-768x359.jpg 768w, https:\/\/albanian-american-institute.org\/wp-content\/uploads\/2026\/04\/foto-9-1-1536x717.jpg 1536w, https:\/\/albanian-american-institute.org\/wp-content\/uploads\/2026\/04\/foto-9-1-18x8.jpg 18w, https:\/\/albanian-american-institute.org\/wp-content\/uploads\/2026\/04\/foto-9-1.jpg 2000w\" sizes=\"(max-width: 1024px) 100vw, 1024px\" \/><\/figure>\n\n\n\n<figure class=\"wp-block-image size-large\"><img loading=\"lazy\" decoding=\"async\" width=\"1024\" height=\"478\" data-id=\"27804\" src=\"https:\/\/albanian-american-institute.org\/wp-content\/uploads\/2026\/04\/foto-8-1-1024x478.jpg\" alt=\"\" class=\"wp-image-27804\" srcset=\"https:\/\/albanian-american-institute.org\/wp-content\/uploads\/2026\/04\/foto-8-1-1024x478.jpg 1024w, https:\/\/albanian-american-institute.org\/wp-content\/uploads\/2026\/04\/foto-8-1-300x140.jpg 300w, https:\/\/albanian-american-institute.org\/wp-content\/uploads\/2026\/04\/foto-8-1-768x359.jpg 768w, https:\/\/albanian-american-institute.org\/wp-content\/uploads\/2026\/04\/foto-8-1-1536x717.jpg 1536w, https:\/\/albanian-american-institute.org\/wp-content\/uploads\/2026\/04\/foto-8-1-18x8.jpg 18w, https:\/\/albanian-american-institute.org\/wp-content\/uploads\/2026\/04\/foto-8-1.jpg 2000w\" sizes=\"(max-width: 1024px) 100vw, 1024px\" \/><\/figure>\n\n\n\n<figure class=\"wp-block-image size-large\"><img loading=\"lazy\" decoding=\"async\" width=\"1024\" height=\"478\" data-id=\"27803\" src=\"https:\/\/albanian-american-institute.org\/wp-content\/uploads\/2026\/04\/foto-7-3-1024x478.jpg\" alt=\"\" class=\"wp-image-27803\" srcset=\"https:\/\/albanian-american-institute.org\/wp-content\/uploads\/2026\/04\/foto-7-3-1024x478.jpg 1024w, https:\/\/albanian-american-institute.org\/wp-content\/uploads\/2026\/04\/foto-7-3-300x140.jpg 300w, https:\/\/albanian-american-institute.org\/wp-content\/uploads\/2026\/04\/foto-7-3-768x359.jpg 768w, https:\/\/albanian-american-institute.org\/wp-content\/uploads\/2026\/04\/foto-7-3-1536x717.jpg 1536w, https:\/\/albanian-american-institute.org\/wp-content\/uploads\/2026\/04\/foto-7-3-18x8.jpg 18w, https:\/\/albanian-american-institute.org\/wp-content\/uploads\/2026\/04\/foto-7-3.jpg 2000w\" sizes=\"(max-width: 1024px) 100vw, 1024px\" \/><\/figure>\n\n\n\n<figure class=\"wp-block-image size-large\"><img loading=\"lazy\" decoding=\"async\" width=\"1024\" height=\"478\" data-id=\"27802\" src=\"https:\/\/albanian-american-institute.org\/wp-content\/uploads\/2026\/04\/foto-6-3-1024x478.jpg\" alt=\"\" class=\"wp-image-27802\" srcset=\"https:\/\/albanian-american-institute.org\/wp-content\/uploads\/2026\/04\/foto-6-3-1024x478.jpg 1024w, https:\/\/albanian-american-institute.org\/wp-content\/uploads\/2026\/04\/foto-6-3-300x140.jpg 300w, https:\/\/albanian-american-institute.org\/wp-content\/uploads\/2026\/04\/foto-6-3-768x359.jpg 768w, https:\/\/albanian-american-institute.org\/wp-content\/uploads\/2026\/04\/foto-6-3-1536x717.jpg 1536w, https:\/\/albanian-american-institute.org\/wp-content\/uploads\/2026\/04\/foto-6-3-18x8.jpg 18w, https:\/\/albanian-american-institute.org\/wp-content\/uploads\/2026\/04\/foto-6-3.jpg 2000w\" sizes=\"(max-width: 1024px) 100vw, 1024px\" \/><\/figure>\n\n\n\n<figure class=\"wp-block-image size-large\"><img loading=\"lazy\" decoding=\"async\" width=\"1024\" height=\"478\" data-id=\"27801\" src=\"https:\/\/albanian-american-institute.org\/wp-content\/uploads\/2026\/04\/foto-5-3-1024x478.jpg\" alt=\"\" class=\"wp-image-27801\" srcset=\"https:\/\/albanian-american-institute.org\/wp-content\/uploads\/2026\/04\/foto-5-3-1024x478.jpg 1024w, https:\/\/albanian-american-institute.org\/wp-content\/uploads\/2026\/04\/foto-5-3-300x140.jpg 300w, https:\/\/albanian-american-institute.org\/wp-content\/uploads\/2026\/04\/foto-5-3-768x359.jpg 768w, https:\/\/albanian-american-institute.org\/wp-content\/uploads\/2026\/04\/foto-5-3-1536x717.jpg 1536w, https:\/\/albanian-american-institute.org\/wp-content\/uploads\/2026\/04\/foto-5-3-18x8.jpg 18w, https:\/\/albanian-american-institute.org\/wp-content\/uploads\/2026\/04\/foto-5-3.jpg 2000w\" sizes=\"(max-width: 1024px) 100vw, 1024px\" \/><\/figure>\n\n\n\n<figure class=\"wp-block-image size-large\"><img loading=\"lazy\" decoding=\"async\" width=\"1024\" height=\"478\" data-id=\"27807\" src=\"https:\/\/albanian-american-institute.org\/wp-content\/uploads\/2026\/04\/foto-4-3-1024x478.jpg\" alt=\"\" class=\"wp-image-27807\" srcset=\"https:\/\/albanian-american-institute.org\/wp-content\/uploads\/2026\/04\/foto-4-3-1024x478.jpg 1024w, https:\/\/albanian-american-institute.org\/wp-content\/uploads\/2026\/04\/foto-4-3-300x140.jpg 300w, https:\/\/albanian-american-institute.org\/wp-content\/uploads\/2026\/04\/foto-4-3-768x359.jpg 768w, https:\/\/albanian-american-institute.org\/wp-content\/uploads\/2026\/04\/foto-4-3-1536x717.jpg 1536w, https:\/\/albanian-american-institute.org\/wp-content\/uploads\/2026\/04\/foto-4-3-18x8.jpg 18w, https:\/\/albanian-american-institute.org\/wp-content\/uploads\/2026\/04\/foto-4-3.jpg 2000w\" sizes=\"(max-width: 1024px) 100vw, 1024px\" \/><\/figure>\n\n\n\n<figure class=\"wp-block-image size-large\"><img loading=\"lazy\" decoding=\"async\" width=\"1024\" height=\"478\" data-id=\"27808\" src=\"https:\/\/albanian-american-institute.org\/wp-content\/uploads\/2026\/04\/foto-3-3-1024x478.jpg\" alt=\"\" class=\"wp-image-27808\" srcset=\"https:\/\/albanian-american-institute.org\/wp-content\/uploads\/2026\/04\/foto-3-3-1024x478.jpg 1024w, https:\/\/albanian-american-institute.org\/wp-content\/uploads\/2026\/04\/foto-3-3-300x140.jpg 300w, https:\/\/albanian-american-institute.org\/wp-content\/uploads\/2026\/04\/foto-3-3-768x359.jpg 768w, https:\/\/albanian-american-institute.org\/wp-content\/uploads\/2026\/04\/foto-3-3-1536x717.jpg 1536w, https:\/\/albanian-american-institute.org\/wp-content\/uploads\/2026\/04\/foto-3-3-18x8.jpg 18w, https:\/\/albanian-american-institute.org\/wp-content\/uploads\/2026\/04\/foto-3-3.jpg 2000w\" sizes=\"(max-width: 1024px) 100vw, 1024px\" \/><\/figure>\n\n\n\n<figure class=\"wp-block-image size-large\"><img loading=\"lazy\" decoding=\"async\" width=\"1024\" height=\"716\" data-id=\"27806\" src=\"https:\/\/albanian-american-institute.org\/wp-content\/uploads\/2026\/04\/foto-2-3-1024x716.jpg\" alt=\"\" class=\"wp-image-27806\" srcset=\"https:\/\/albanian-american-institute.org\/wp-content\/uploads\/2026\/04\/foto-2-3-1024x716.jpg 1024w, https:\/\/albanian-american-institute.org\/wp-content\/uploads\/2026\/04\/foto-2-3-300x210.jpg 300w, https:\/\/albanian-american-institute.org\/wp-content\/uploads\/2026\/04\/foto-2-3-768x537.jpg 768w, https:\/\/albanian-american-institute.org\/wp-content\/uploads\/2026\/04\/foto-2-3-1536x1074.jpg 1536w, https:\/\/albanian-american-institute.org\/wp-content\/uploads\/2026\/04\/foto-2-3-18x12.jpg 18w, https:\/\/albanian-american-institute.org\/wp-content\/uploads\/2026\/04\/foto-2-3.jpg 2048w\" sizes=\"(max-width: 1024px) 100vw, 1024px\" \/><\/figure>\n<\/figure>","protected":false},"excerpt":{"rendered":"<p>Sokol PajaNew York, 18 prill 2026 &#8211; Shoqata Mal\u00ebsia e Madhe &#8211; New York bashkoi bashkatdhetar\u00eb, patriot\u00eb e aktivist\u00eb t\u00eb \u00e7\u00ebshtjes komb\u00ebtare p\u00ebr t\u00eb p\u00ebrkujtuar e nderuar 115 vjetorin e kryengritjes s\u00eb Mal\u00ebsis\u00eb, nj\u00eb ngjarje historike q\u00eb ka l\u00ebn\u00eb gjurm\u00eb pa shlyeshme n\u00eb historin\u00eb komb\u00ebtare. Kjo fest\u00eb nderon me respekt dhe vler\u00ebsim kontributin e patriot\u00ebve [&hellip;]<\/p>\n","protected":false},"author":1,"featured_media":27786,"comment_status":"closed","ping_status":"open","sticky":false,"template":"","format":"standard","meta":{"_acf_changed":false,"footnotes":""},"categories":[175,179],"tags":[],"class_list":["post-27794","post","type-post","status-publish","format-standard","has-post-thumbnail","hentry","category-lajme","category-lajme-ne-sh-b-a"],"acf":[],"yoast_head":"<!-- This site is optimized with the Yoast SEO plugin v27.3 - https:\/\/yoast.com\/product\/yoast-seo-wordpress\/ -->\n<title>U FESTUA N\u00cb NEW YORK 115 VJETORI I KRYENGRITJES S\u00cb MAL\u00cbSIS\u00cb - AAI<\/title>\n<meta name=\"robots\" content=\"index, follow, max-snippet:-1, max-image-preview:large, max-video-preview:-1\" \/>\n<link rel=\"canonical\" href=\"https:\/\/albanian-american-institute.org\/sq\/2026\/04\/23\/u-festua-ne-new-york-115-vjetori-i-kryengritjes-se-malesise\/\" \/>\n<meta property=\"og:locale\" content=\"sq_AL\" \/>\n<meta property=\"og:type\" content=\"article\" \/>\n<meta property=\"og:title\" content=\"U FESTUA N\u00cb NEW YORK 115 VJETORI I KRYENGRITJES S\u00cb MAL\u00cbSIS\u00cb - AAI\" \/>\n<meta property=\"og:description\" content=\"Sokol PajaNew York, 18 prill 2026 &#8211; Shoqata Mal\u00ebsia e Madhe &#8211; New York bashkoi bashkatdhetar\u00eb, patriot\u00eb e aktivist\u00eb t\u00eb \u00e7\u00ebshtjes komb\u00ebtare p\u00ebr t\u00eb p\u00ebrkujtuar e nderuar 115 vjetorin e kryengritjes s\u00eb Mal\u00ebsis\u00eb, nj\u00eb ngjarje historike q\u00eb ka l\u00ebn\u00eb gjurm\u00eb pa shlyeshme n\u00eb historin\u00eb komb\u00ebtare. Kjo fest\u00eb nderon me respekt dhe vler\u00ebsim kontributin e patriot\u00ebve [&hellip;]\" \/>\n<meta property=\"og:url\" content=\"https:\/\/albanian-american-institute.org\/sq\/2026\/04\/23\/u-festua-ne-new-york-115-vjetori-i-kryengritjes-se-malesise\/\" \/>\n<meta property=\"og:site_name\" content=\"AAI\" \/>\n<meta property=\"article:published_time\" content=\"2026-04-23T21:12:08+00:00\" \/>\n<meta property=\"article:modified_time\" content=\"2026-04-23T21:12:09+00:00\" \/>\n<meta property=\"og:image\" content=\"https:\/\/albanian-american-institute.org\/wp-content\/uploads\/2026\/04\/foto-13.jpg\" \/>\n\t<meta property=\"og:image:width\" content=\"2000\" \/>\n\t<meta property=\"og:image:height\" content=\"934\" \/>\n\t<meta property=\"og:image:type\" content=\"image\/jpeg\" \/>\n<meta name=\"author\" content=\"admin-aai\" \/>\n<meta name=\"twitter:card\" content=\"summary_large_image\" \/>\n<meta name=\"twitter:label1\" content=\"Written by\" \/>\n\t<meta name=\"twitter:data1\" content=\"admin-aai\" \/>\n\t<meta name=\"twitter:label2\" content=\"Est. reading time\" \/>\n\t<meta name=\"twitter:data2\" content=\"6 minuta\" \/>\n<script type=\"application\/ld+json\" class=\"yoast-schema-graph\">{\"@context\":\"https:\\\/\\\/schema.org\",\"@graph\":[{\"@type\":\"Article\",\"@id\":\"https:\\\/\\\/albanian-american-institute.org\\\/sq\\\/2026\\\/04\\\/23\\\/u-festua-ne-new-york-115-vjetori-i-kryengritjes-se-malesise\\\/#article\",\"isPartOf\":{\"@id\":\"https:\\\/\\\/albanian-american-institute.org\\\/sq\\\/2026\\\/04\\\/23\\\/u-festua-ne-new-york-115-vjetori-i-kryengritjes-se-malesise\\\/\"},\"author\":{\"name\":\"admin-aai\",\"@id\":\"https:\\\/\\\/albanian-american-institute.org\\\/sq\\\/#\\\/schema\\\/person\\\/e1b18022e4c5b3f6e5647c000ac7c566\"},\"headline\":\"U FESTUA N\u00cb NEW YORK 115 VJETORI I KRYENGRITJES S\u00cb MAL\u00cbSIS\u00cb\",\"datePublished\":\"2026-04-23T21:12:08+00:00\",\"dateModified\":\"2026-04-23T21:12:09+00:00\",\"mainEntityOfPage\":{\"@id\":\"https:\\\/\\\/albanian-american-institute.org\\\/sq\\\/2026\\\/04\\\/23\\\/u-festua-ne-new-york-115-vjetori-i-kryengritjes-se-malesise\\\/\"},\"wordCount\":576,\"publisher\":{\"@id\":\"https:\\\/\\\/albanian-american-institute.org\\\/sq\\\/#\\\/schema\\\/person\\\/e1b18022e4c5b3f6e5647c000ac7c566\"},\"image\":{\"@id\":\"https:\\\/\\\/albanian-american-institute.org\\\/sq\\\/2026\\\/04\\\/23\\\/u-festua-ne-new-york-115-vjetori-i-kryengritjes-se-malesise\\\/#primaryimage\"},\"thumbnailUrl\":\"https:\\\/\\\/albanian-american-institute.org\\\/wp-content\\\/uploads\\\/2026\\\/04\\\/foto-13.jpg\",\"articleSection\":[\"Lajme\",\"Lajme n\u00eb SH.B.A.\"],\"inLanguage\":\"sq\"},{\"@type\":\"WebPage\",\"@id\":\"https:\\\/\\\/albanian-american-institute.org\\\/sq\\\/2026\\\/04\\\/23\\\/u-festua-ne-new-york-115-vjetori-i-kryengritjes-se-malesise\\\/\",\"url\":\"https:\\\/\\\/albanian-american-institute.org\\\/sq\\\/2026\\\/04\\\/23\\\/u-festua-ne-new-york-115-vjetori-i-kryengritjes-se-malesise\\\/\",\"name\":\"U FESTUA N\u00cb NEW YORK 115 VJETORI I KRYENGRITJES S\u00cb MAL\u00cbSIS\u00cb - AAI\",\"isPartOf\":{\"@id\":\"https:\\\/\\\/albanian-american-institute.org\\\/sq\\\/#website\"},\"primaryImageOfPage\":{\"@id\":\"https:\\\/\\\/albanian-american-institute.org\\\/sq\\\/2026\\\/04\\\/23\\\/u-festua-ne-new-york-115-vjetori-i-kryengritjes-se-malesise\\\/#primaryimage\"},\"image\":{\"@id\":\"https:\\\/\\\/albanian-american-institute.org\\\/sq\\\/2026\\\/04\\\/23\\\/u-festua-ne-new-york-115-vjetori-i-kryengritjes-se-malesise\\\/#primaryimage\"},\"thumbnailUrl\":\"https:\\\/\\\/albanian-american-institute.org\\\/wp-content\\\/uploads\\\/2026\\\/04\\\/foto-13.jpg\",\"datePublished\":\"2026-04-23T21:12:08+00:00\",\"dateModified\":\"2026-04-23T21:12:09+00:00\",\"breadcrumb\":{\"@id\":\"https:\\\/\\\/albanian-american-institute.org\\\/sq\\\/2026\\\/04\\\/23\\\/u-festua-ne-new-york-115-vjetori-i-kryengritjes-se-malesise\\\/#breadcrumb\"},\"inLanguage\":\"sq\",\"potentialAction\":[{\"@type\":\"ReadAction\",\"target\":[\"https:\\\/\\\/albanian-american-institute.org\\\/sq\\\/2026\\\/04\\\/23\\\/u-festua-ne-new-york-115-vjetori-i-kryengritjes-se-malesise\\\/\"]}]},{\"@type\":\"ImageObject\",\"inLanguage\":\"sq\",\"@id\":\"https:\\\/\\\/albanian-american-institute.org\\\/sq\\\/2026\\\/04\\\/23\\\/u-festua-ne-new-york-115-vjetori-i-kryengritjes-se-malesise\\\/#primaryimage\",\"url\":\"https:\\\/\\\/albanian-american-institute.org\\\/wp-content\\\/uploads\\\/2026\\\/04\\\/foto-13.jpg\",\"contentUrl\":\"https:\\\/\\\/albanian-american-institute.org\\\/wp-content\\\/uploads\\\/2026\\\/04\\\/foto-13.jpg\",\"width\":2000,\"height\":934},{\"@type\":\"BreadcrumbList\",\"@id\":\"https:\\\/\\\/albanian-american-institute.org\\\/sq\\\/2026\\\/04\\\/23\\\/u-festua-ne-new-york-115-vjetori-i-kryengritjes-se-malesise\\\/#breadcrumb\",\"itemListElement\":[{\"@type\":\"ListItem\",\"position\":1,\"name\":\"Home\",\"item\":\"https:\\\/\\\/albanian-american-institute.org\\\/sq\\\/hyrje\\\/\"},{\"@type\":\"ListItem\",\"position\":2,\"name\":\"U FESTUA N\u00cb NEW YORK 115 VJETORI I KRYENGRITJES S\u00cb MAL\u00cbSIS\u00cb\"}]},{\"@type\":\"WebSite\",\"@id\":\"https:\\\/\\\/albanian-american-institute.org\\\/sq\\\/#website\",\"url\":\"https:\\\/\\\/albanian-american-institute.org\\\/sq\\\/\",\"name\":\"AAI\",\"description\":\"AAI\",\"publisher\":{\"@id\":\"https:\\\/\\\/albanian-american-institute.org\\\/sq\\\/#\\\/schema\\\/person\\\/e1b18022e4c5b3f6e5647c000ac7c566\"},\"potentialAction\":[{\"@type\":\"SearchAction\",\"target\":{\"@type\":\"EntryPoint\",\"urlTemplate\":\"https:\\\/\\\/albanian-american-institute.org\\\/sq\\\/?s={search_term_string}\"},\"query-input\":{\"@type\":\"PropertyValueSpecification\",\"valueRequired\":true,\"valueName\":\"search_term_string\"}}],\"inLanguage\":\"sq\"},{\"@type\":[\"Person\",\"Organization\"],\"@id\":\"https:\\\/\\\/albanian-american-institute.org\\\/sq\\\/#\\\/schema\\\/person\\\/e1b18022e4c5b3f6e5647c000ac7c566\",\"name\":\"admin-aai\",\"image\":{\"@type\":\"ImageObject\",\"inLanguage\":\"sq\",\"@id\":\"https:\\\/\\\/secure.gravatar.com\\\/avatar\\\/5034325f5f268436bdd3215b21588654a01c97d76f1a0899054bd98511fa1193?s=96&d=mm&r=g\",\"url\":\"https:\\\/\\\/secure.gravatar.com\\\/avatar\\\/5034325f5f268436bdd3215b21588654a01c97d76f1a0899054bd98511fa1193?s=96&d=mm&r=g\",\"contentUrl\":\"https:\\\/\\\/secure.gravatar.com\\\/avatar\\\/5034325f5f268436bdd3215b21588654a01c97d76f1a0899054bd98511fa1193?s=96&d=mm&r=g\",\"caption\":\"admin-aai\"},\"logo\":{\"@id\":\"https:\\\/\\\/secure.gravatar.com\\\/avatar\\\/5034325f5f268436bdd3215b21588654a01c97d76f1a0899054bd98511fa1193?s=96&d=mm&r=g\"},\"sameAs\":[\"https:\\\/\\\/albanian-american-institute.org\"],\"url\":\"https:\\\/\\\/albanian-american-institute.org\\\/sq\\\/author\\\/admin-aai\\\/\"}]}<\/script>\n<!-- \/ Yoast SEO plugin. -->","yoast_head_json":{"title":"U FESTUA N\u00cb NEW YORK 115 VJETORI I KRYENGRITJES S\u00cb MAL\u00cbSIS\u00cb - AAI","robots":{"index":"index","follow":"follow","max-snippet":"max-snippet:-1","max-image-preview":"max-image-preview:large","max-video-preview":"max-video-preview:-1"},"canonical":"https:\/\/albanian-american-institute.org\/sq\/2026\/04\/23\/u-festua-ne-new-york-115-vjetori-i-kryengritjes-se-malesise\/","og_locale":"sq_AL","og_type":"article","og_title":"U FESTUA N\u00cb NEW YORK 115 VJETORI I KRYENGRITJES S\u00cb MAL\u00cbSIS\u00cb - AAI","og_description":"Sokol PajaNew York, 18 prill 2026 &#8211; Shoqata Mal\u00ebsia e Madhe &#8211; New York bashkoi bashkatdhetar\u00eb, patriot\u00eb e aktivist\u00eb t\u00eb \u00e7\u00ebshtjes komb\u00ebtare p\u00ebr t\u00eb p\u00ebrkujtuar e nderuar 115 vjetorin e kryengritjes s\u00eb Mal\u00ebsis\u00eb, nj\u00eb ngjarje historike q\u00eb ka l\u00ebn\u00eb gjurm\u00eb pa shlyeshme n\u00eb historin\u00eb komb\u00ebtare. Kjo fest\u00eb nderon me respekt dhe vler\u00ebsim kontributin e patriot\u00ebve [&hellip;]","og_url":"https:\/\/albanian-american-institute.org\/sq\/2026\/04\/23\/u-festua-ne-new-york-115-vjetori-i-kryengritjes-se-malesise\/","og_site_name":"AAI","article_published_time":"2026-04-23T21:12:08+00:00","article_modified_time":"2026-04-23T21:12:09+00:00","og_image":[{"width":2000,"height":934,"url":"https:\/\/albanian-american-institute.org\/wp-content\/uploads\/2026\/04\/foto-13.jpg","type":"image\/jpeg"}],"author":"admin-aai","twitter_card":"summary_large_image","twitter_misc":{"Written by":"admin-aai","Est. reading time":"6 minuta"},"schema":{"@context":"https:\/\/schema.org","@graph":[{"@type":"Article","@id":"https:\/\/albanian-american-institute.org\/sq\/2026\/04\/23\/u-festua-ne-new-york-115-vjetori-i-kryengritjes-se-malesise\/#article","isPartOf":{"@id":"https:\/\/albanian-american-institute.org\/sq\/2026\/04\/23\/u-festua-ne-new-york-115-vjetori-i-kryengritjes-se-malesise\/"},"author":{"name":"admin-aai","@id":"https:\/\/albanian-american-institute.org\/sq\/#\/schema\/person\/e1b18022e4c5b3f6e5647c000ac7c566"},"headline":"U FESTUA N\u00cb NEW YORK 115 VJETORI I KRYENGRITJES S\u00cb MAL\u00cbSIS\u00cb","datePublished":"2026-04-23T21:12:08+00:00","dateModified":"2026-04-23T21:12:09+00:00","mainEntityOfPage":{"@id":"https:\/\/albanian-american-institute.org\/sq\/2026\/04\/23\/u-festua-ne-new-york-115-vjetori-i-kryengritjes-se-malesise\/"},"wordCount":576,"publisher":{"@id":"https:\/\/albanian-american-institute.org\/sq\/#\/schema\/person\/e1b18022e4c5b3f6e5647c000ac7c566"},"image":{"@id":"https:\/\/albanian-american-institute.org\/sq\/2026\/04\/23\/u-festua-ne-new-york-115-vjetori-i-kryengritjes-se-malesise\/#primaryimage"},"thumbnailUrl":"https:\/\/albanian-american-institute.org\/wp-content\/uploads\/2026\/04\/foto-13.jpg","articleSection":["Lajme","Lajme n\u00eb SH.B.A."],"inLanguage":"sq"},{"@type":"WebPage","@id":"https:\/\/albanian-american-institute.org\/sq\/2026\/04\/23\/u-festua-ne-new-york-115-vjetori-i-kryengritjes-se-malesise\/","url":"https:\/\/albanian-american-institute.org\/sq\/2026\/04\/23\/u-festua-ne-new-york-115-vjetori-i-kryengritjes-se-malesise\/","name":"U FESTUA N\u00cb NEW YORK 115 VJETORI I KRYENGRITJES S\u00cb MAL\u00cbSIS\u00cb - AAI","isPartOf":{"@id":"https:\/\/albanian-american-institute.org\/sq\/#website"},"primaryImageOfPage":{"@id":"https:\/\/albanian-american-institute.org\/sq\/2026\/04\/23\/u-festua-ne-new-york-115-vjetori-i-kryengritjes-se-malesise\/#primaryimage"},"image":{"@id":"https:\/\/albanian-american-institute.org\/sq\/2026\/04\/23\/u-festua-ne-new-york-115-vjetori-i-kryengritjes-se-malesise\/#primaryimage"},"thumbnailUrl":"https:\/\/albanian-american-institute.org\/wp-content\/uploads\/2026\/04\/foto-13.jpg","datePublished":"2026-04-23T21:12:08+00:00","dateModified":"2026-04-23T21:12:09+00:00","breadcrumb":{"@id":"https:\/\/albanian-american-institute.org\/sq\/2026\/04\/23\/u-festua-ne-new-york-115-vjetori-i-kryengritjes-se-malesise\/#breadcrumb"},"inLanguage":"sq","potentialAction":[{"@type":"ReadAction","target":["https:\/\/albanian-american-institute.org\/sq\/2026\/04\/23\/u-festua-ne-new-york-115-vjetori-i-kryengritjes-se-malesise\/"]}]},{"@type":"ImageObject","inLanguage":"sq","@id":"https:\/\/albanian-american-institute.org\/sq\/2026\/04\/23\/u-festua-ne-new-york-115-vjetori-i-kryengritjes-se-malesise\/#primaryimage","url":"https:\/\/albanian-american-institute.org\/wp-content\/uploads\/2026\/04\/foto-13.jpg","contentUrl":"https:\/\/albanian-american-institute.org\/wp-content\/uploads\/2026\/04\/foto-13.jpg","width":2000,"height":934},{"@type":"BreadcrumbList","@id":"https:\/\/albanian-american-institute.org\/sq\/2026\/04\/23\/u-festua-ne-new-york-115-vjetori-i-kryengritjes-se-malesise\/#breadcrumb","itemListElement":[{"@type":"ListItem","position":1,"name":"Home","item":"https:\/\/albanian-american-institute.org\/sq\/hyrje\/"},{"@type":"ListItem","position":2,"name":"U FESTUA N\u00cb NEW YORK 115 VJETORI I KRYENGRITJES S\u00cb MAL\u00cbSIS\u00cb"}]},{"@type":"WebSite","@id":"https:\/\/albanian-american-institute.org\/sq\/#website","url":"https:\/\/albanian-american-institute.org\/sq\/","name":"AAI","description":"AAI","publisher":{"@id":"https:\/\/albanian-american-institute.org\/sq\/#\/schema\/person\/e1b18022e4c5b3f6e5647c000ac7c566"},"potentialAction":[{"@type":"SearchAction","target":{"@type":"EntryPoint","urlTemplate":"https:\/\/albanian-american-institute.org\/sq\/?s={search_term_string}"},"query-input":{"@type":"PropertyValueSpecification","valueRequired":true,"valueName":"search_term_string"}}],"inLanguage":"sq"},{"@type":["Person","Organization"],"@id":"https:\/\/albanian-american-institute.org\/sq\/#\/schema\/person\/e1b18022e4c5b3f6e5647c000ac7c566","name":"admin-aai","image":{"@type":"ImageObject","inLanguage":"sq","@id":"https:\/\/secure.gravatar.com\/avatar\/5034325f5f268436bdd3215b21588654a01c97d76f1a0899054bd98511fa1193?s=96&d=mm&r=g","url":"https:\/\/secure.gravatar.com\/avatar\/5034325f5f268436bdd3215b21588654a01c97d76f1a0899054bd98511fa1193?s=96&d=mm&r=g","contentUrl":"https:\/\/secure.gravatar.com\/avatar\/5034325f5f268436bdd3215b21588654a01c97d76f1a0899054bd98511fa1193?s=96&d=mm&r=g","caption":"admin-aai"},"logo":{"@id":"https:\/\/secure.gravatar.com\/avatar\/5034325f5f268436bdd3215b21588654a01c97d76f1a0899054bd98511fa1193?s=96&d=mm&r=g"},"sameAs":["https:\/\/albanian-american-institute.org"],"url":"https:\/\/albanian-american-institute.org\/sq\/author\/admin-aai\/"}]}},"lang":"sq","translations":{"sq":27794,"en":27778},"_links":{"self":[{"href":"https:\/\/albanian-american-institute.org\/sq\/wp-json\/wp\/v2\/posts\/27794","targetHints":{"allow":["GET"]}}],"collection":[{"href":"https:\/\/albanian-american-institute.org\/sq\/wp-json\/wp\/v2\/posts"}],"about":[{"href":"https:\/\/albanian-american-institute.org\/sq\/wp-json\/wp\/v2\/types\/post"}],"author":[{"embeddable":true,"href":"https:\/\/albanian-american-institute.org\/sq\/wp-json\/wp\/v2\/users\/1"}],"replies":[{"embeddable":true,"href":"https:\/\/albanian-american-institute.org\/sq\/wp-json\/wp\/v2\/comments?post=27794"}],"version-history":[{"count":1,"href":"https:\/\/albanian-american-institute.org\/sq\/wp-json\/wp\/v2\/posts\/27794\/revisions"}],"predecessor-version":[{"id":27809,"href":"https:\/\/albanian-american-institute.org\/sq\/wp-json\/wp\/v2\/posts\/27794\/revisions\/27809"}],"wp:featuredmedia":[{"embeddable":true,"href":"https:\/\/albanian-american-institute.org\/sq\/wp-json\/wp\/v2\/media\/27786"}],"wp:attachment":[{"href":"https:\/\/albanian-american-institute.org\/sq\/wp-json\/wp\/v2\/media?parent=27794"}],"wp:term":[{"taxonomy":"category","embeddable":true,"href":"https:\/\/albanian-american-institute.org\/sq\/wp-json\/wp\/v2\/categories?post=27794"},{"taxonomy":"post_tag","embeddable":true,"href":"https:\/\/albanian-american-institute.org\/sq\/wp-json\/wp\/v2\/tags?post=27794"}],"curies":[{"name":"wp","href":"https:\/\/api.w.org\/{rel}","templated":true}]}}