{"id":27758,"date":"2026-04-22T20:47:09","date_gmt":"2026-04-22T20:47:09","guid":{"rendered":"https:\/\/albanian-american-institute.org\/?p=27758"},"modified":"2026-04-22T20:47:14","modified_gmt":"2026-04-22T20:47:14","slug":"kordinatori-i-insitutit-shqiptaro-amerikan-z-kole-ivanaj-ne-korrik-te-vitit-2024-eshte-dekoruar-ne-tirane-me-cmimin-prestigjoz-nene-tereza","status":"publish","type":"post","link":"https:\/\/albanian-american-institute.org\/sq\/2026\/04\/22\/kordinatori-i-insitutit-shqiptaro-amerikan-z-kole-ivanaj-ne-korrik-te-vitit-2024-eshte-dekoruar-ne-tirane-me-cmimin-prestigjoz-nene-tereza\/","title":{"rendered":"Kordinatori i Insitutit Shqiptaro Amerikan z. Kol\u00eb Ivanaj n\u00eb korrik t\u00eb vitit 2024, \u00ebsht\u00eb dekoruar n\u00eb Tiran\u00eb me \u00e7mimin prestigjoz &#8220;N\u00ebn\u00eb Tereza&#8221;!"},"content":{"rendered":"<figure class=\"wp-block-embed is-type-video is-provider-youtube wp-block-embed-youtube wp-embed-aspect-16-9 wp-has-aspect-ratio\"><div class=\"wp-block-embed__wrapper\">\n<iframe title=\"AKTUALE - Kol\u00eb Ivanaj dekorohet me \u00e7mimin \u201cSh\u00ebn Tereza\u201d\" width=\"525\" height=\"295\" src=\"https:\/\/www.youtube.com\/embed\/I1iweyFxZDc?feature=oembed\" frameborder=\"0\" allow=\"accelerometer; autoplay; clipboard-write; encrypted-media; gyroscope; picture-in-picture; web-share\" referrerpolicy=\"strict-origin-when-cross-origin\" allowfullscreen><\/iframe>\n<\/div><\/figure>","protected":false},"excerpt":{"rendered":"","protected":false},"author":1,"featured_media":27379,"comment_status":"closed","ping_status":"open","sticky":false,"template":"","format":"standard","meta":{"_acf_changed":false,"footnotes":""},"categories":[175,177],"tags":[],"class_list":["post-27758","post","type-post","status-publish","format-standard","has-post-thumbnail","hentry","category-lajme","category-lajme-ne-mal-te-zi"],"acf":[],"yoast_head":"<!-- This site is optimized with the Yoast SEO plugin v27.3 - https:\/\/yoast.com\/product\/yoast-seo-wordpress\/ -->\n<title>Kordinatori i Insitutit Shqiptaro Amerikan z. Kol\u00eb Ivanaj n\u00eb korrik t\u00eb vitit 2024, \u00ebsht\u00eb dekoruar n\u00eb Tiran\u00eb me \u00e7mimin prestigjoz &quot;N\u00ebn\u00eb Tereza&quot;! - AAI<\/title>\n<meta name=\"robots\" content=\"index, follow, max-snippet:-1, max-image-preview:large, max-video-preview:-1\" \/>\n<link rel=\"canonical\" href=\"https:\/\/albanian-american-institute.org\/sq\/2026\/04\/22\/kordinatori-i-insitutit-shqiptaro-amerikan-z-kole-ivanaj-ne-korrik-te-vitit-2024-eshte-dekoruar-ne-tirane-me-cmimin-prestigjoz-nene-tereza\/\" \/>\n<meta property=\"og:locale\" content=\"sq_AL\" \/>\n<meta property=\"og:type\" content=\"article\" \/>\n<meta property=\"og:title\" content=\"Kordinatori i Insitutit Shqiptaro Amerikan z. Kol\u00eb Ivanaj n\u00eb korrik t\u00eb vitit 2024, \u00ebsht\u00eb dekoruar n\u00eb Tiran\u00eb me \u00e7mimin prestigjoz &quot;N\u00ebn\u00eb Tereza&quot;! - AAI\" \/>\n<meta property=\"og:url\" content=\"https:\/\/albanian-american-institute.org\/sq\/2026\/04\/22\/kordinatori-i-insitutit-shqiptaro-amerikan-z-kole-ivanaj-ne-korrik-te-vitit-2024-eshte-dekoruar-ne-tirane-me-cmimin-prestigjoz-nene-tereza\/\" \/>\n<meta property=\"og:site_name\" content=\"AAI\" \/>\n<meta property=\"article:published_time\" content=\"2026-04-22T20:47:09+00:00\" \/>\n<meta property=\"article:modified_time\" content=\"2026-04-22T20:47:14+00:00\" \/>\n<meta property=\"og:image\" content=\"https:\/\/albanian-american-institute.org\/wp-content\/uploads\/2026\/03\/Kole-Ivanaj.png\" \/>\n\t<meta property=\"og:image:width\" content=\"286\" \/>\n\t<meta property=\"og:image:height\" content=\"286\" \/>\n\t<meta property=\"og:image:type\" content=\"image\/png\" \/>\n<meta name=\"author\" content=\"admin-aai\" \/>\n<meta name=\"twitter:card\" content=\"summary_large_image\" \/>\n<meta name=\"twitter:label1\" content=\"Written by\" \/>\n\t<meta name=\"twitter:data1\" content=\"admin-aai\" \/>\n\t<meta name=\"twitter:label2\" content=\"Est. reading time\" \/>\n\t<meta name=\"twitter:data2\" content=\"1 minut\u00eb\" \/>\n<script type=\"application\/ld+json\" class=\"yoast-schema-graph\">{\"@context\":\"https:\\\/\\\/schema.org\",\"@graph\":[{\"@type\":\"Article\",\"@id\":\"https:\\\/\\\/albanian-american-institute.org\\\/sq\\\/2026\\\/04\\\/22\\\/kordinatori-i-insitutit-shqiptaro-amerikan-z-kole-ivanaj-ne-korrik-te-vitit-2024-eshte-dekoruar-ne-tirane-me-cmimin-prestigjoz-nene-tereza\\\/#article\",\"isPartOf\":{\"@id\":\"https:\\\/\\\/albanian-american-institute.org\\\/sq\\\/2026\\\/04\\\/22\\\/kordinatori-i-insitutit-shqiptaro-amerikan-z-kole-ivanaj-ne-korrik-te-vitit-2024-eshte-dekoruar-ne-tirane-me-cmimin-prestigjoz-nene-tereza\\\/\"},\"author\":{\"name\":\"admin-aai\",\"@id\":\"https:\\\/\\\/albanian-american-institute.org\\\/sq\\\/#\\\/schema\\\/person\\\/e1b18022e4c5b3f6e5647c000ac7c566\"},\"headline\":\"Kordinatori i Insitutit Shqiptaro Amerikan z. Kol\u00eb Ivanaj n\u00eb korrik t\u00eb vitit 2024, \u00ebsht\u00eb dekoruar n\u00eb Tiran\u00eb me \u00e7mimin prestigjoz &#8220;N\u00ebn\u00eb Tereza&#8221;!\",\"datePublished\":\"2026-04-22T20:47:09+00:00\",\"dateModified\":\"2026-04-22T20:47:14+00:00\",\"mainEntityOfPage\":{\"@id\":\"https:\\\/\\\/albanian-american-institute.org\\\/sq\\\/2026\\\/04\\\/22\\\/kordinatori-i-insitutit-shqiptaro-amerikan-z-kole-ivanaj-ne-korrik-te-vitit-2024-eshte-dekoruar-ne-tirane-me-cmimin-prestigjoz-nene-tereza\\\/\"},\"wordCount\":30,\"publisher\":{\"@id\":\"https:\\\/\\\/albanian-american-institute.org\\\/sq\\\/#\\\/schema\\\/person\\\/e1b18022e4c5b3f6e5647c000ac7c566\"},\"image\":{\"@id\":\"https:\\\/\\\/albanian-american-institute.org\\\/sq\\\/2026\\\/04\\\/22\\\/kordinatori-i-insitutit-shqiptaro-amerikan-z-kole-ivanaj-ne-korrik-te-vitit-2024-eshte-dekoruar-ne-tirane-me-cmimin-prestigjoz-nene-tereza\\\/#primaryimage\"},\"thumbnailUrl\":\"https:\\\/\\\/albanian-american-institute.org\\\/wp-content\\\/uploads\\\/2026\\\/03\\\/Kole-Ivanaj.png\",\"articleSection\":[\"Lajme\",\"Lajme n\u00eb Mal t\u00eb Zi\"],\"inLanguage\":\"sq\"},{\"@type\":\"WebPage\",\"@id\":\"https:\\\/\\\/albanian-american-institute.org\\\/sq\\\/2026\\\/04\\\/22\\\/kordinatori-i-insitutit-shqiptaro-amerikan-z-kole-ivanaj-ne-korrik-te-vitit-2024-eshte-dekoruar-ne-tirane-me-cmimin-prestigjoz-nene-tereza\\\/\",\"url\":\"https:\\\/\\\/albanian-american-institute.org\\\/sq\\\/2026\\\/04\\\/22\\\/kordinatori-i-insitutit-shqiptaro-amerikan-z-kole-ivanaj-ne-korrik-te-vitit-2024-eshte-dekoruar-ne-tirane-me-cmimin-prestigjoz-nene-tereza\\\/\",\"name\":\"Kordinatori i Insitutit Shqiptaro Amerikan z. Kol\u00eb Ivanaj n\u00eb korrik t\u00eb vitit 2024, \u00ebsht\u00eb dekoruar n\u00eb Tiran\u00eb me \u00e7mimin prestigjoz \\\"N\u00ebn\u00eb Tereza\\\"! - AAI\",\"isPartOf\":{\"@id\":\"https:\\\/\\\/albanian-american-institute.org\\\/sq\\\/#website\"},\"primaryImageOfPage\":{\"@id\":\"https:\\\/\\\/albanian-american-institute.org\\\/sq\\\/2026\\\/04\\\/22\\\/kordinatori-i-insitutit-shqiptaro-amerikan-z-kole-ivanaj-ne-korrik-te-vitit-2024-eshte-dekoruar-ne-tirane-me-cmimin-prestigjoz-nene-tereza\\\/#primaryimage\"},\"image\":{\"@id\":\"https:\\\/\\\/albanian-american-institute.org\\\/sq\\\/2026\\\/04\\\/22\\\/kordinatori-i-insitutit-shqiptaro-amerikan-z-kole-ivanaj-ne-korrik-te-vitit-2024-eshte-dekoruar-ne-tirane-me-cmimin-prestigjoz-nene-tereza\\\/#primaryimage\"},\"thumbnailUrl\":\"https:\\\/\\\/albanian-american-institute.org\\\/wp-content\\\/uploads\\\/2026\\\/03\\\/Kole-Ivanaj.png\",\"datePublished\":\"2026-04-22T20:47:09+00:00\",\"dateModified\":\"2026-04-22T20:47:14+00:00\",\"breadcrumb\":{\"@id\":\"https:\\\/\\\/albanian-american-institute.org\\\/sq\\\/2026\\\/04\\\/22\\\/kordinatori-i-insitutit-shqiptaro-amerikan-z-kole-ivanaj-ne-korrik-te-vitit-2024-eshte-dekoruar-ne-tirane-me-cmimin-prestigjoz-nene-tereza\\\/#breadcrumb\"},\"inLanguage\":\"sq\",\"potentialAction\":[{\"@type\":\"ReadAction\",\"target\":[\"https:\\\/\\\/albanian-american-institute.org\\\/sq\\\/2026\\\/04\\\/22\\\/kordinatori-i-insitutit-shqiptaro-amerikan-z-kole-ivanaj-ne-korrik-te-vitit-2024-eshte-dekoruar-ne-tirane-me-cmimin-prestigjoz-nene-tereza\\\/\"]}]},{\"@type\":\"ImageObject\",\"inLanguage\":\"sq\",\"@id\":\"https:\\\/\\\/albanian-american-institute.org\\\/sq\\\/2026\\\/04\\\/22\\\/kordinatori-i-insitutit-shqiptaro-amerikan-z-kole-ivanaj-ne-korrik-te-vitit-2024-eshte-dekoruar-ne-tirane-me-cmimin-prestigjoz-nene-tereza\\\/#primaryimage\",\"url\":\"https:\\\/\\\/albanian-american-institute.org\\\/wp-content\\\/uploads\\\/2026\\\/03\\\/Kole-Ivanaj.png\",\"contentUrl\":\"https:\\\/\\\/albanian-american-institute.org\\\/wp-content\\\/uploads\\\/2026\\\/03\\\/Kole-Ivanaj.png\",\"width\":286,\"height\":286},{\"@type\":\"BreadcrumbList\",\"@id\":\"https:\\\/\\\/albanian-american-institute.org\\\/sq\\\/2026\\\/04\\\/22\\\/kordinatori-i-insitutit-shqiptaro-amerikan-z-kole-ivanaj-ne-korrik-te-vitit-2024-eshte-dekoruar-ne-tirane-me-cmimin-prestigjoz-nene-tereza\\\/#breadcrumb\",\"itemListElement\":[{\"@type\":\"ListItem\",\"position\":1,\"name\":\"Home\",\"item\":\"https:\\\/\\\/albanian-american-institute.org\\\/sq\\\/hyrje\\\/\"},{\"@type\":\"ListItem\",\"position\":2,\"name\":\"Kordinatori i Insitutit Shqiptaro Amerikan z. Kol\u00eb Ivanaj n\u00eb korrik t\u00eb vitit 2024, \u00ebsht\u00eb dekoruar n\u00eb Tiran\u00eb me \u00e7mimin prestigjoz &#8220;N\u00ebn\u00eb Tereza&#8221;!\"}]},{\"@type\":\"WebSite\",\"@id\":\"https:\\\/\\\/albanian-american-institute.org\\\/sq\\\/#website\",\"url\":\"https:\\\/\\\/albanian-american-institute.org\\\/sq\\\/\",\"name\":\"AAI\",\"description\":\"AAI\",\"publisher\":{\"@id\":\"https:\\\/\\\/albanian-american-institute.org\\\/sq\\\/#\\\/schema\\\/person\\\/e1b18022e4c5b3f6e5647c000ac7c566\"},\"potentialAction\":[{\"@type\":\"SearchAction\",\"target\":{\"@type\":\"EntryPoint\",\"urlTemplate\":\"https:\\\/\\\/albanian-american-institute.org\\\/sq\\\/?s={search_term_string}\"},\"query-input\":{\"@type\":\"PropertyValueSpecification\",\"valueRequired\":true,\"valueName\":\"search_term_string\"}}],\"inLanguage\":\"sq\"},{\"@type\":[\"Person\",\"Organization\"],\"@id\":\"https:\\\/\\\/albanian-american-institute.org\\\/sq\\\/#\\\/schema\\\/person\\\/e1b18022e4c5b3f6e5647c000ac7c566\",\"name\":\"admin-aai\",\"image\":{\"@type\":\"ImageObject\",\"inLanguage\":\"sq\",\"@id\":\"https:\\\/\\\/secure.gravatar.com\\\/avatar\\\/5034325f5f268436bdd3215b21588654a01c97d76f1a0899054bd98511fa1193?s=96&d=mm&r=g\",\"url\":\"https:\\\/\\\/secure.gravatar.com\\\/avatar\\\/5034325f5f268436bdd3215b21588654a01c97d76f1a0899054bd98511fa1193?s=96&d=mm&r=g\",\"contentUrl\":\"https:\\\/\\\/secure.gravatar.com\\\/avatar\\\/5034325f5f268436bdd3215b21588654a01c97d76f1a0899054bd98511fa1193?s=96&d=mm&r=g\",\"caption\":\"admin-aai\"},\"logo\":{\"@id\":\"https:\\\/\\\/secure.gravatar.com\\\/avatar\\\/5034325f5f268436bdd3215b21588654a01c97d76f1a0899054bd98511fa1193?s=96&d=mm&r=g\"},\"sameAs\":[\"https:\\\/\\\/albanian-american-institute.org\"],\"url\":\"https:\\\/\\\/albanian-american-institute.org\\\/sq\\\/author\\\/admin-aai\\\/\"}]}<\/script>\n<!-- \/ Yoast SEO plugin. -->","yoast_head_json":{"title":"Kordinatori i Insitutit Shqiptaro Amerikan z. Kol\u00eb Ivanaj n\u00eb korrik t\u00eb vitit 2024, \u00ebsht\u00eb dekoruar n\u00eb Tiran\u00eb me \u00e7mimin prestigjoz \"N\u00ebn\u00eb Tereza\"! - AAI","robots":{"index":"index","follow":"follow","max-snippet":"max-snippet:-1","max-image-preview":"max-image-preview:large","max-video-preview":"max-video-preview:-1"},"canonical":"https:\/\/albanian-american-institute.org\/sq\/2026\/04\/22\/kordinatori-i-insitutit-shqiptaro-amerikan-z-kole-ivanaj-ne-korrik-te-vitit-2024-eshte-dekoruar-ne-tirane-me-cmimin-prestigjoz-nene-tereza\/","og_locale":"sq_AL","og_type":"article","og_title":"Kordinatori i Insitutit Shqiptaro Amerikan z. Kol\u00eb Ivanaj n\u00eb korrik t\u00eb vitit 2024, \u00ebsht\u00eb dekoruar n\u00eb Tiran\u00eb me \u00e7mimin prestigjoz \"N\u00ebn\u00eb Tereza\"! - AAI","og_url":"https:\/\/albanian-american-institute.org\/sq\/2026\/04\/22\/kordinatori-i-insitutit-shqiptaro-amerikan-z-kole-ivanaj-ne-korrik-te-vitit-2024-eshte-dekoruar-ne-tirane-me-cmimin-prestigjoz-nene-tereza\/","og_site_name":"AAI","article_published_time":"2026-04-22T20:47:09+00:00","article_modified_time":"2026-04-22T20:47:14+00:00","og_image":[{"width":286,"height":286,"url":"https:\/\/albanian-american-institute.org\/wp-content\/uploads\/2026\/03\/Kole-Ivanaj.png","type":"image\/png"}],"author":"admin-aai","twitter_card":"summary_large_image","twitter_misc":{"Written by":"admin-aai","Est. reading time":"1 minut\u00eb"},"schema":{"@context":"https:\/\/schema.org","@graph":[{"@type":"Article","@id":"https:\/\/albanian-american-institute.org\/sq\/2026\/04\/22\/kordinatori-i-insitutit-shqiptaro-amerikan-z-kole-ivanaj-ne-korrik-te-vitit-2024-eshte-dekoruar-ne-tirane-me-cmimin-prestigjoz-nene-tereza\/#article","isPartOf":{"@id":"https:\/\/albanian-american-institute.org\/sq\/2026\/04\/22\/kordinatori-i-insitutit-shqiptaro-amerikan-z-kole-ivanaj-ne-korrik-te-vitit-2024-eshte-dekoruar-ne-tirane-me-cmimin-prestigjoz-nene-tereza\/"},"author":{"name":"admin-aai","@id":"https:\/\/albanian-american-institute.org\/sq\/#\/schema\/person\/e1b18022e4c5b3f6e5647c000ac7c566"},"headline":"Kordinatori i Insitutit Shqiptaro Amerikan z. Kol\u00eb Ivanaj n\u00eb korrik t\u00eb vitit 2024, \u00ebsht\u00eb dekoruar n\u00eb Tiran\u00eb me \u00e7mimin prestigjoz &#8220;N\u00ebn\u00eb Tereza&#8221;!","datePublished":"2026-04-22T20:47:09+00:00","dateModified":"2026-04-22T20:47:14+00:00","mainEntityOfPage":{"@id":"https:\/\/albanian-american-institute.org\/sq\/2026\/04\/22\/kordinatori-i-insitutit-shqiptaro-amerikan-z-kole-ivanaj-ne-korrik-te-vitit-2024-eshte-dekoruar-ne-tirane-me-cmimin-prestigjoz-nene-tereza\/"},"wordCount":30,"publisher":{"@id":"https:\/\/albanian-american-institute.org\/sq\/#\/schema\/person\/e1b18022e4c5b3f6e5647c000ac7c566"},"image":{"@id":"https:\/\/albanian-american-institute.org\/sq\/2026\/04\/22\/kordinatori-i-insitutit-shqiptaro-amerikan-z-kole-ivanaj-ne-korrik-te-vitit-2024-eshte-dekoruar-ne-tirane-me-cmimin-prestigjoz-nene-tereza\/#primaryimage"},"thumbnailUrl":"https:\/\/albanian-american-institute.org\/wp-content\/uploads\/2026\/03\/Kole-Ivanaj.png","articleSection":["Lajme","Lajme n\u00eb Mal t\u00eb Zi"],"inLanguage":"sq"},{"@type":"WebPage","@id":"https:\/\/albanian-american-institute.org\/sq\/2026\/04\/22\/kordinatori-i-insitutit-shqiptaro-amerikan-z-kole-ivanaj-ne-korrik-te-vitit-2024-eshte-dekoruar-ne-tirane-me-cmimin-prestigjoz-nene-tereza\/","url":"https:\/\/albanian-american-institute.org\/sq\/2026\/04\/22\/kordinatori-i-insitutit-shqiptaro-amerikan-z-kole-ivanaj-ne-korrik-te-vitit-2024-eshte-dekoruar-ne-tirane-me-cmimin-prestigjoz-nene-tereza\/","name":"Kordinatori i Insitutit Shqiptaro Amerikan z. Kol\u00eb Ivanaj n\u00eb korrik t\u00eb vitit 2024, \u00ebsht\u00eb dekoruar n\u00eb Tiran\u00eb me \u00e7mimin prestigjoz \"N\u00ebn\u00eb Tereza\"! - AAI","isPartOf":{"@id":"https:\/\/albanian-american-institute.org\/sq\/#website"},"primaryImageOfPage":{"@id":"https:\/\/albanian-american-institute.org\/sq\/2026\/04\/22\/kordinatori-i-insitutit-shqiptaro-amerikan-z-kole-ivanaj-ne-korrik-te-vitit-2024-eshte-dekoruar-ne-tirane-me-cmimin-prestigjoz-nene-tereza\/#primaryimage"},"image":{"@id":"https:\/\/albanian-american-institute.org\/sq\/2026\/04\/22\/kordinatori-i-insitutit-shqiptaro-amerikan-z-kole-ivanaj-ne-korrik-te-vitit-2024-eshte-dekoruar-ne-tirane-me-cmimin-prestigjoz-nene-tereza\/#primaryimage"},"thumbnailUrl":"https:\/\/albanian-american-institute.org\/wp-content\/uploads\/2026\/03\/Kole-Ivanaj.png","datePublished":"2026-04-22T20:47:09+00:00","dateModified":"2026-04-22T20:47:14+00:00","breadcrumb":{"@id":"https:\/\/albanian-american-institute.org\/sq\/2026\/04\/22\/kordinatori-i-insitutit-shqiptaro-amerikan-z-kole-ivanaj-ne-korrik-te-vitit-2024-eshte-dekoruar-ne-tirane-me-cmimin-prestigjoz-nene-tereza\/#breadcrumb"},"inLanguage":"sq","potentialAction":[{"@type":"ReadAction","target":["https:\/\/albanian-american-institute.org\/sq\/2026\/04\/22\/kordinatori-i-insitutit-shqiptaro-amerikan-z-kole-ivanaj-ne-korrik-te-vitit-2024-eshte-dekoruar-ne-tirane-me-cmimin-prestigjoz-nene-tereza\/"]}]},{"@type":"ImageObject","inLanguage":"sq","@id":"https:\/\/albanian-american-institute.org\/sq\/2026\/04\/22\/kordinatori-i-insitutit-shqiptaro-amerikan-z-kole-ivanaj-ne-korrik-te-vitit-2024-eshte-dekoruar-ne-tirane-me-cmimin-prestigjoz-nene-tereza\/#primaryimage","url":"https:\/\/albanian-american-institute.org\/wp-content\/uploads\/2026\/03\/Kole-Ivanaj.png","contentUrl":"https:\/\/albanian-american-institute.org\/wp-content\/uploads\/2026\/03\/Kole-Ivanaj.png","width":286,"height":286},{"@type":"BreadcrumbList","@id":"https:\/\/albanian-american-institute.org\/sq\/2026\/04\/22\/kordinatori-i-insitutit-shqiptaro-amerikan-z-kole-ivanaj-ne-korrik-te-vitit-2024-eshte-dekoruar-ne-tirane-me-cmimin-prestigjoz-nene-tereza\/#breadcrumb","itemListElement":[{"@type":"ListItem","position":1,"name":"Home","item":"https:\/\/albanian-american-institute.org\/sq\/hyrje\/"},{"@type":"ListItem","position":2,"name":"Kordinatori i Insitutit Shqiptaro Amerikan z. Kol\u00eb Ivanaj n\u00eb korrik t\u00eb vitit 2024, \u00ebsht\u00eb dekoruar n\u00eb Tiran\u00eb me \u00e7mimin prestigjoz &#8220;N\u00ebn\u00eb Tereza&#8221;!"}]},{"@type":"WebSite","@id":"https:\/\/albanian-american-institute.org\/sq\/#website","url":"https:\/\/albanian-american-institute.org\/sq\/","name":"AAI","description":"AAI","publisher":{"@id":"https:\/\/albanian-american-institute.org\/sq\/#\/schema\/person\/e1b18022e4c5b3f6e5647c000ac7c566"},"potentialAction":[{"@type":"SearchAction","target":{"@type":"EntryPoint","urlTemplate":"https:\/\/albanian-american-institute.org\/sq\/?s={search_term_string}"},"query-input":{"@type":"PropertyValueSpecification","valueRequired":true,"valueName":"search_term_string"}}],"inLanguage":"sq"},{"@type":["Person","Organization"],"@id":"https:\/\/albanian-american-institute.org\/sq\/#\/schema\/person\/e1b18022e4c5b3f6e5647c000ac7c566","name":"admin-aai","image":{"@type":"ImageObject","inLanguage":"sq","@id":"https:\/\/secure.gravatar.com\/avatar\/5034325f5f268436bdd3215b21588654a01c97d76f1a0899054bd98511fa1193?s=96&d=mm&r=g","url":"https:\/\/secure.gravatar.com\/avatar\/5034325f5f268436bdd3215b21588654a01c97d76f1a0899054bd98511fa1193?s=96&d=mm&r=g","contentUrl":"https:\/\/secure.gravatar.com\/avatar\/5034325f5f268436bdd3215b21588654a01c97d76f1a0899054bd98511fa1193?s=96&d=mm&r=g","caption":"admin-aai"},"logo":{"@id":"https:\/\/secure.gravatar.com\/avatar\/5034325f5f268436bdd3215b21588654a01c97d76f1a0899054bd98511fa1193?s=96&d=mm&r=g"},"sameAs":["https:\/\/albanian-american-institute.org"],"url":"https:\/\/albanian-american-institute.org\/sq\/author\/admin-aai\/"}]}},"lang":"sq","translations":{"sq":27758,"en":27756},"_links":{"self":[{"href":"https:\/\/albanian-american-institute.org\/sq\/wp-json\/wp\/v2\/posts\/27758","targetHints":{"allow":["GET"]}}],"collection":[{"href":"https:\/\/albanian-american-institute.org\/sq\/wp-json\/wp\/v2\/posts"}],"about":[{"href":"https:\/\/albanian-american-institute.org\/sq\/wp-json\/wp\/v2\/types\/post"}],"author":[{"embeddable":true,"href":"https:\/\/albanian-american-institute.org\/sq\/wp-json\/wp\/v2\/users\/1"}],"replies":[{"embeddable":true,"href":"https:\/\/albanian-american-institute.org\/sq\/wp-json\/wp\/v2\/comments?post=27758"}],"version-history":[{"count":1,"href":"https:\/\/albanian-american-institute.org\/sq\/wp-json\/wp\/v2\/posts\/27758\/revisions"}],"predecessor-version":[{"id":27759,"href":"https:\/\/albanian-american-institute.org\/sq\/wp-json\/wp\/v2\/posts\/27758\/revisions\/27759"}],"wp:featuredmedia":[{"embeddable":true,"href":"https:\/\/albanian-american-institute.org\/sq\/wp-json\/wp\/v2\/media\/27379"}],"wp:attachment":[{"href":"https:\/\/albanian-american-institute.org\/sq\/wp-json\/wp\/v2\/media?parent=27758"}],"wp:term":[{"taxonomy":"category","embeddable":true,"href":"https:\/\/albanian-american-institute.org\/sq\/wp-json\/wp\/v2\/categories?post=27758"},{"taxonomy":"post_tag","embeddable":true,"href":"https:\/\/albanian-american-institute.org\/sq\/wp-json\/wp\/v2\/tags?post=27758"}],"curies":[{"name":"wp","href":"https:\/\/api.w.org\/{rel}","templated":true}]}}