{"id":27704,"date":"2026-04-11T14:01:31","date_gmt":"2026-04-11T14:01:31","guid":{"rendered":"https:\/\/albanian-american-institute.org\/?p=27704"},"modified":"2026-04-11T19:02:08","modified_gmt":"2026-04-11T19:02:08","slug":"kongresmeni-eliot-engel-ka-nderruar-jete","status":"publish","type":"post","link":"https:\/\/albanian-american-institute.org\/sq\/2026\/04\/11\/kongresmeni-eliot-engel-ka-nderruar-jete\/","title":{"rendered":"Kongresmeni Eliot Engel ka nd\u00ebrruar jet\u00eb!"},"content":{"rendered":"<p>Nj\u00eb njeri i shk\u00eblqyer, nj\u00eb njeri i mir\u00eb, nj\u00eb mik i rrall\u00eb i shqiptar\u00ebve, na l\u00eb sot!<\/p>\n\n\n\n<p>Kongresmeni Eliot Engel ishte shum\u00eb m\u00eb tep\u00ebr sesa thjesht nj\u00eb kongresmen q\u00eb mb\u00ebshteste shqiptar\u00ebt, dhe ve\u00e7an\u00ebrisht Kosov\u00ebn. Ai e donte popullin e Kosov\u00ebs me gjith\u00eb zem\u00ebr dhe ishte me ne n\u00eb sfida dhe suksese.<\/p>\n\n\n\n<p>N\u00eb fakt, ai ishte z\u00ebri yn\u00eb n\u00eb Kongresin Amerikan dhe m\u00eb gjer\u00eb. Prandaj, kujtimi i tij do t\u00eb jet\u00eb i p\u00ebrjetsh\u00ebm n\u00eb zemrat e t\u00eb gjith\u00eb shqiptar\u00ebve!<\/p>\n\n\n\n<p>Faleminderit, Eliot Engel! Pusho n\u00eb paqe!<\/p>","protected":false},"excerpt":{"rendered":"<p>Nj\u00eb njeri i shk\u00eblqyer, nj\u00eb njeri i mir\u00eb, nj\u00eb mik i rrall\u00eb i shqiptar\u00ebve, na l\u00eb sot! Kongresmeni Eliot Engel ishte shum\u00eb m\u00eb tep\u00ebr sesa thjesht nj\u00eb kongresmen q\u00eb mb\u00ebshteste shqiptar\u00ebt, dhe ve\u00e7an\u00ebrisht Kosov\u00ebn. Ai e donte popullin e Kosov\u00ebs me gjith\u00eb zem\u00ebr dhe ishte me ne n\u00eb sfida dhe suksese. N\u00eb fakt, ai ishte [&hellip;]<\/p>\n","protected":false},"author":1,"featured_media":27705,"comment_status":"closed","ping_status":"open","sticky":false,"template":"","format":"standard","meta":{"_acf_changed":false,"footnotes":""},"categories":[175],"tags":[],"class_list":["post-27704","post","type-post","status-publish","format-standard","has-post-thumbnail","hentry","category-lajme"],"acf":[],"yoast_head":"<!-- This site is optimized with the Yoast SEO plugin v27.3 - https:\/\/yoast.com\/product\/yoast-seo-wordpress\/ -->\n<title>Kongresmeni Eliot Engel ka nd\u00ebrruar jet\u00eb! - AAI<\/title>\n<meta name=\"robots\" content=\"index, follow, max-snippet:-1, max-image-preview:large, max-video-preview:-1\" \/>\n<link rel=\"canonical\" href=\"https:\/\/albanian-american-institute.org\/sq\/2026\/04\/11\/kongresmeni-eliot-engel-ka-nderruar-jete\/\" \/>\n<meta property=\"og:locale\" content=\"sq_AL\" \/>\n<meta property=\"og:type\" content=\"article\" \/>\n<meta property=\"og:title\" content=\"Kongresmeni Eliot Engel ka nd\u00ebrruar jet\u00eb! - AAI\" \/>\n<meta property=\"og:description\" content=\"Nj\u00eb njeri i shk\u00eblqyer, nj\u00eb njeri i mir\u00eb, nj\u00eb mik i rrall\u00eb i shqiptar\u00ebve, na l\u00eb sot! Kongresmeni Eliot Engel ishte shum\u00eb m\u00eb tep\u00ebr sesa thjesht nj\u00eb kongresmen q\u00eb mb\u00ebshteste shqiptar\u00ebt, dhe ve\u00e7an\u00ebrisht Kosov\u00ebn. Ai e donte popullin e Kosov\u00ebs me gjith\u00eb zem\u00ebr dhe ishte me ne n\u00eb sfida dhe suksese. N\u00eb fakt, ai ishte [&hellip;]\" \/>\n<meta property=\"og:url\" content=\"https:\/\/albanian-american-institute.org\/sq\/2026\/04\/11\/kongresmeni-eliot-engel-ka-nderruar-jete\/\" \/>\n<meta property=\"og:site_name\" content=\"AAI\" \/>\n<meta property=\"article:published_time\" content=\"2026-04-11T14:01:31+00:00\" \/>\n<meta property=\"article:modified_time\" content=\"2026-04-11T19:02:08+00:00\" \/>\n<meta property=\"og:image\" content=\"https:\/\/albanian-american-institute.org\/wp-content\/uploads\/2026\/04\/Eliot_Engel_official_photo_portrait-1-scaled.jpg\" \/>\n\t<meta property=\"og:image:width\" content=\"1668\" \/>\n\t<meta property=\"og:image:height\" content=\"2560\" \/>\n\t<meta property=\"og:image:type\" content=\"image\/jpeg\" \/>\n<meta name=\"author\" content=\"admin-aai\" \/>\n<meta name=\"twitter:card\" content=\"summary_large_image\" \/>\n<meta name=\"twitter:label1\" content=\"Written by\" \/>\n\t<meta name=\"twitter:data1\" content=\"admin-aai\" \/>\n\t<meta name=\"twitter:label2\" content=\"Est. reading time\" \/>\n\t<meta name=\"twitter:data2\" content=\"1 minut\u00eb\" \/>\n<script type=\"application\/ld+json\" class=\"yoast-schema-graph\">{\"@context\":\"https:\\\/\\\/schema.org\",\"@graph\":[{\"@type\":\"Article\",\"@id\":\"https:\\\/\\\/albanian-american-institute.org\\\/sq\\\/2026\\\/04\\\/11\\\/kongresmeni-eliot-engel-ka-nderruar-jete\\\/#article\",\"isPartOf\":{\"@id\":\"https:\\\/\\\/albanian-american-institute.org\\\/sq\\\/2026\\\/04\\\/11\\\/kongresmeni-eliot-engel-ka-nderruar-jete\\\/\"},\"author\":{\"name\":\"admin-aai\",\"@id\":\"https:\\\/\\\/albanian-american-institute.org\\\/sq\\\/#\\\/schema\\\/person\\\/e1b18022e4c5b3f6e5647c000ac7c566\"},\"headline\":\"Kongresmeni Eliot Engel ka nd\u00ebrruar jet\u00eb!\",\"datePublished\":\"2026-04-11T14:01:31+00:00\",\"dateModified\":\"2026-04-11T19:02:08+00:00\",\"mainEntityOfPage\":{\"@id\":\"https:\\\/\\\/albanian-american-institute.org\\\/sq\\\/2026\\\/04\\\/11\\\/kongresmeni-eliot-engel-ka-nderruar-jete\\\/\"},\"wordCount\":105,\"publisher\":{\"@id\":\"https:\\\/\\\/albanian-american-institute.org\\\/sq\\\/#\\\/schema\\\/person\\\/e1b18022e4c5b3f6e5647c000ac7c566\"},\"image\":{\"@id\":\"https:\\\/\\\/albanian-american-institute.org\\\/sq\\\/2026\\\/04\\\/11\\\/kongresmeni-eliot-engel-ka-nderruar-jete\\\/#primaryimage\"},\"thumbnailUrl\":\"https:\\\/\\\/albanian-american-institute.org\\\/wp-content\\\/uploads\\\/2026\\\/04\\\/Eliot_Engel_official_photo_portrait-1-scaled.jpg\",\"articleSection\":[\"Lajme\"],\"inLanguage\":\"sq\"},{\"@type\":\"WebPage\",\"@id\":\"https:\\\/\\\/albanian-american-institute.org\\\/sq\\\/2026\\\/04\\\/11\\\/kongresmeni-eliot-engel-ka-nderruar-jete\\\/\",\"url\":\"https:\\\/\\\/albanian-american-institute.org\\\/sq\\\/2026\\\/04\\\/11\\\/kongresmeni-eliot-engel-ka-nderruar-jete\\\/\",\"name\":\"Kongresmeni Eliot Engel ka nd\u00ebrruar jet\u00eb! - AAI\",\"isPartOf\":{\"@id\":\"https:\\\/\\\/albanian-american-institute.org\\\/sq\\\/#website\"},\"primaryImageOfPage\":{\"@id\":\"https:\\\/\\\/albanian-american-institute.org\\\/sq\\\/2026\\\/04\\\/11\\\/kongresmeni-eliot-engel-ka-nderruar-jete\\\/#primaryimage\"},\"image\":{\"@id\":\"https:\\\/\\\/albanian-american-institute.org\\\/sq\\\/2026\\\/04\\\/11\\\/kongresmeni-eliot-engel-ka-nderruar-jete\\\/#primaryimage\"},\"thumbnailUrl\":\"https:\\\/\\\/albanian-american-institute.org\\\/wp-content\\\/uploads\\\/2026\\\/04\\\/Eliot_Engel_official_photo_portrait-1-scaled.jpg\",\"datePublished\":\"2026-04-11T14:01:31+00:00\",\"dateModified\":\"2026-04-11T19:02:08+00:00\",\"breadcrumb\":{\"@id\":\"https:\\\/\\\/albanian-american-institute.org\\\/sq\\\/2026\\\/04\\\/11\\\/kongresmeni-eliot-engel-ka-nderruar-jete\\\/#breadcrumb\"},\"inLanguage\":\"sq\",\"potentialAction\":[{\"@type\":\"ReadAction\",\"target\":[\"https:\\\/\\\/albanian-american-institute.org\\\/sq\\\/2026\\\/04\\\/11\\\/kongresmeni-eliot-engel-ka-nderruar-jete\\\/\"]}]},{\"@type\":\"ImageObject\",\"inLanguage\":\"sq\",\"@id\":\"https:\\\/\\\/albanian-american-institute.org\\\/sq\\\/2026\\\/04\\\/11\\\/kongresmeni-eliot-engel-ka-nderruar-jete\\\/#primaryimage\",\"url\":\"https:\\\/\\\/albanian-american-institute.org\\\/wp-content\\\/uploads\\\/2026\\\/04\\\/Eliot_Engel_official_photo_portrait-1-scaled.jpg\",\"contentUrl\":\"https:\\\/\\\/albanian-american-institute.org\\\/wp-content\\\/uploads\\\/2026\\\/04\\\/Eliot_Engel_official_photo_portrait-1-scaled.jpg\",\"width\":1668,\"height\":2560,\"caption\":\"File name :DSC_0025.JPG File size :2.6MB(2739111Bytes) Date taken :2003\\\/06\\\/18 01:04:24 Image size :3008 x 1960 Resolution :300 x 300 dpi Number of bits :8bit\\\/channel Protection attribute :Off Hide Attribute :Off Camera ID :N\\\/A Camera :NIKON D1X Quality mode :FINE Metering mode :Matrix Exposure mode :Manual Speed light :No Focal length :56 mm Shutter speed :1\\\/250second Aperture :F11.0 Exposure compensation :0 EV White Balance :Flash Lens :28 - 70 mm F 2.8 Flash sync mode :N\\\/A Exposure difference :-7.6 EV Flexible program :No Sensitivity :ISO160 Sharpening :Normal Image Type :Color Color Mode :Mode I(sRGB) Hue adjustment :3 Saturation Control :N\\\/A Tone compensation :Normal Latitude(GPS) :N\\\/A Longitude(GPS) :N\\\/A Altitude(GPS) :N\\\/A\"},{\"@type\":\"BreadcrumbList\",\"@id\":\"https:\\\/\\\/albanian-american-institute.org\\\/sq\\\/2026\\\/04\\\/11\\\/kongresmeni-eliot-engel-ka-nderruar-jete\\\/#breadcrumb\",\"itemListElement\":[{\"@type\":\"ListItem\",\"position\":1,\"name\":\"Home\",\"item\":\"https:\\\/\\\/albanian-american-institute.org\\\/sq\\\/hyrje\\\/\"},{\"@type\":\"ListItem\",\"position\":2,\"name\":\"Kongresmeni Eliot Engel ka nd\u00ebrruar jet\u00eb!\"}]},{\"@type\":\"WebSite\",\"@id\":\"https:\\\/\\\/albanian-american-institute.org\\\/sq\\\/#website\",\"url\":\"https:\\\/\\\/albanian-american-institute.org\\\/sq\\\/\",\"name\":\"AAI\",\"description\":\"AAI\",\"publisher\":{\"@id\":\"https:\\\/\\\/albanian-american-institute.org\\\/sq\\\/#\\\/schema\\\/person\\\/e1b18022e4c5b3f6e5647c000ac7c566\"},\"potentialAction\":[{\"@type\":\"SearchAction\",\"target\":{\"@type\":\"EntryPoint\",\"urlTemplate\":\"https:\\\/\\\/albanian-american-institute.org\\\/sq\\\/?s={search_term_string}\"},\"query-input\":{\"@type\":\"PropertyValueSpecification\",\"valueRequired\":true,\"valueName\":\"search_term_string\"}}],\"inLanguage\":\"sq\"},{\"@type\":[\"Person\",\"Organization\"],\"@id\":\"https:\\\/\\\/albanian-american-institute.org\\\/sq\\\/#\\\/schema\\\/person\\\/e1b18022e4c5b3f6e5647c000ac7c566\",\"name\":\"admin-aai\",\"image\":{\"@type\":\"ImageObject\",\"inLanguage\":\"sq\",\"@id\":\"https:\\\/\\\/secure.gravatar.com\\\/avatar\\\/5034325f5f268436bdd3215b21588654a01c97d76f1a0899054bd98511fa1193?s=96&d=mm&r=g\",\"url\":\"https:\\\/\\\/secure.gravatar.com\\\/avatar\\\/5034325f5f268436bdd3215b21588654a01c97d76f1a0899054bd98511fa1193?s=96&d=mm&r=g\",\"contentUrl\":\"https:\\\/\\\/secure.gravatar.com\\\/avatar\\\/5034325f5f268436bdd3215b21588654a01c97d76f1a0899054bd98511fa1193?s=96&d=mm&r=g\",\"caption\":\"admin-aai\"},\"logo\":{\"@id\":\"https:\\\/\\\/secure.gravatar.com\\\/avatar\\\/5034325f5f268436bdd3215b21588654a01c97d76f1a0899054bd98511fa1193?s=96&d=mm&r=g\"},\"sameAs\":[\"https:\\\/\\\/albanian-american-institute.org\"],\"url\":\"https:\\\/\\\/albanian-american-institute.org\\\/sq\\\/author\\\/admin-aai\\\/\"}]}<\/script>\n<!-- \/ Yoast SEO plugin. -->","yoast_head_json":{"title":"Kongresmeni Eliot Engel ka nd\u00ebrruar jet\u00eb! - AAI","robots":{"index":"index","follow":"follow","max-snippet":"max-snippet:-1","max-image-preview":"max-image-preview:large","max-video-preview":"max-video-preview:-1"},"canonical":"https:\/\/albanian-american-institute.org\/sq\/2026\/04\/11\/kongresmeni-eliot-engel-ka-nderruar-jete\/","og_locale":"sq_AL","og_type":"article","og_title":"Kongresmeni Eliot Engel ka nd\u00ebrruar jet\u00eb! - AAI","og_description":"Nj\u00eb njeri i shk\u00eblqyer, nj\u00eb njeri i mir\u00eb, nj\u00eb mik i rrall\u00eb i shqiptar\u00ebve, na l\u00eb sot! Kongresmeni Eliot Engel ishte shum\u00eb m\u00eb tep\u00ebr sesa thjesht nj\u00eb kongresmen q\u00eb mb\u00ebshteste shqiptar\u00ebt, dhe ve\u00e7an\u00ebrisht Kosov\u00ebn. Ai e donte popullin e Kosov\u00ebs me gjith\u00eb zem\u00ebr dhe ishte me ne n\u00eb sfida dhe suksese. N\u00eb fakt, ai ishte [&hellip;]","og_url":"https:\/\/albanian-american-institute.org\/sq\/2026\/04\/11\/kongresmeni-eliot-engel-ka-nderruar-jete\/","og_site_name":"AAI","article_published_time":"2026-04-11T14:01:31+00:00","article_modified_time":"2026-04-11T19:02:08+00:00","og_image":[{"width":1668,"height":2560,"url":"https:\/\/albanian-american-institute.org\/wp-content\/uploads\/2026\/04\/Eliot_Engel_official_photo_portrait-1-scaled.jpg","type":"image\/jpeg"}],"author":"admin-aai","twitter_card":"summary_large_image","twitter_misc":{"Written by":"admin-aai","Est. reading time":"1 minut\u00eb"},"schema":{"@context":"https:\/\/schema.org","@graph":[{"@type":"Article","@id":"https:\/\/albanian-american-institute.org\/sq\/2026\/04\/11\/kongresmeni-eliot-engel-ka-nderruar-jete\/#article","isPartOf":{"@id":"https:\/\/albanian-american-institute.org\/sq\/2026\/04\/11\/kongresmeni-eliot-engel-ka-nderruar-jete\/"},"author":{"name":"admin-aai","@id":"https:\/\/albanian-american-institute.org\/sq\/#\/schema\/person\/e1b18022e4c5b3f6e5647c000ac7c566"},"headline":"Kongresmeni Eliot Engel ka nd\u00ebrruar jet\u00eb!","datePublished":"2026-04-11T14:01:31+00:00","dateModified":"2026-04-11T19:02:08+00:00","mainEntityOfPage":{"@id":"https:\/\/albanian-american-institute.org\/sq\/2026\/04\/11\/kongresmeni-eliot-engel-ka-nderruar-jete\/"},"wordCount":105,"publisher":{"@id":"https:\/\/albanian-american-institute.org\/sq\/#\/schema\/person\/e1b18022e4c5b3f6e5647c000ac7c566"},"image":{"@id":"https:\/\/albanian-american-institute.org\/sq\/2026\/04\/11\/kongresmeni-eliot-engel-ka-nderruar-jete\/#primaryimage"},"thumbnailUrl":"https:\/\/albanian-american-institute.org\/wp-content\/uploads\/2026\/04\/Eliot_Engel_official_photo_portrait-1-scaled.jpg","articleSection":["Lajme"],"inLanguage":"sq"},{"@type":"WebPage","@id":"https:\/\/albanian-american-institute.org\/sq\/2026\/04\/11\/kongresmeni-eliot-engel-ka-nderruar-jete\/","url":"https:\/\/albanian-american-institute.org\/sq\/2026\/04\/11\/kongresmeni-eliot-engel-ka-nderruar-jete\/","name":"Kongresmeni Eliot Engel ka nd\u00ebrruar jet\u00eb! - AAI","isPartOf":{"@id":"https:\/\/albanian-american-institute.org\/sq\/#website"},"primaryImageOfPage":{"@id":"https:\/\/albanian-american-institute.org\/sq\/2026\/04\/11\/kongresmeni-eliot-engel-ka-nderruar-jete\/#primaryimage"},"image":{"@id":"https:\/\/albanian-american-institute.org\/sq\/2026\/04\/11\/kongresmeni-eliot-engel-ka-nderruar-jete\/#primaryimage"},"thumbnailUrl":"https:\/\/albanian-american-institute.org\/wp-content\/uploads\/2026\/04\/Eliot_Engel_official_photo_portrait-1-scaled.jpg","datePublished":"2026-04-11T14:01:31+00:00","dateModified":"2026-04-11T19:02:08+00:00","breadcrumb":{"@id":"https:\/\/albanian-american-institute.org\/sq\/2026\/04\/11\/kongresmeni-eliot-engel-ka-nderruar-jete\/#breadcrumb"},"inLanguage":"sq","potentialAction":[{"@type":"ReadAction","target":["https:\/\/albanian-american-institute.org\/sq\/2026\/04\/11\/kongresmeni-eliot-engel-ka-nderruar-jete\/"]}]},{"@type":"ImageObject","inLanguage":"sq","@id":"https:\/\/albanian-american-institute.org\/sq\/2026\/04\/11\/kongresmeni-eliot-engel-ka-nderruar-jete\/#primaryimage","url":"https:\/\/albanian-american-institute.org\/wp-content\/uploads\/2026\/04\/Eliot_Engel_official_photo_portrait-1-scaled.jpg","contentUrl":"https:\/\/albanian-american-institute.org\/wp-content\/uploads\/2026\/04\/Eliot_Engel_official_photo_portrait-1-scaled.jpg","width":1668,"height":2560,"caption":"File name :DSC_0025.JPG File size :2.6MB(2739111Bytes) Date taken :2003\/06\/18 01:04:24 Image size :3008 x 1960 Resolution :300 x 300 dpi Number of bits :8bit\/channel Protection attribute :Off Hide Attribute :Off Camera ID :N\/A Camera :NIKON D1X Quality mode :FINE Metering mode :Matrix Exposure mode :Manual Speed light :No Focal length :56 mm Shutter speed :1\/250second Aperture :F11.0 Exposure compensation :0 EV White Balance :Flash Lens :28 - 70 mm F 2.8 Flash sync mode :N\/A Exposure difference :-7.6 EV Flexible program :No Sensitivity :ISO160 Sharpening :Normal Image Type :Color Color Mode :Mode I(sRGB) Hue adjustment :3 Saturation Control :N\/A Tone compensation :Normal Latitude(GPS) :N\/A Longitude(GPS) :N\/A Altitude(GPS) :N\/A"},{"@type":"BreadcrumbList","@id":"https:\/\/albanian-american-institute.org\/sq\/2026\/04\/11\/kongresmeni-eliot-engel-ka-nderruar-jete\/#breadcrumb","itemListElement":[{"@type":"ListItem","position":1,"name":"Home","item":"https:\/\/albanian-american-institute.org\/sq\/hyrje\/"},{"@type":"ListItem","position":2,"name":"Kongresmeni Eliot Engel ka nd\u00ebrruar jet\u00eb!"}]},{"@type":"WebSite","@id":"https:\/\/albanian-american-institute.org\/sq\/#website","url":"https:\/\/albanian-american-institute.org\/sq\/","name":"AAI","description":"AAI","publisher":{"@id":"https:\/\/albanian-american-institute.org\/sq\/#\/schema\/person\/e1b18022e4c5b3f6e5647c000ac7c566"},"potentialAction":[{"@type":"SearchAction","target":{"@type":"EntryPoint","urlTemplate":"https:\/\/albanian-american-institute.org\/sq\/?s={search_term_string}"},"query-input":{"@type":"PropertyValueSpecification","valueRequired":true,"valueName":"search_term_string"}}],"inLanguage":"sq"},{"@type":["Person","Organization"],"@id":"https:\/\/albanian-american-institute.org\/sq\/#\/schema\/person\/e1b18022e4c5b3f6e5647c000ac7c566","name":"admin-aai","image":{"@type":"ImageObject","inLanguage":"sq","@id":"https:\/\/secure.gravatar.com\/avatar\/5034325f5f268436bdd3215b21588654a01c97d76f1a0899054bd98511fa1193?s=96&d=mm&r=g","url":"https:\/\/secure.gravatar.com\/avatar\/5034325f5f268436bdd3215b21588654a01c97d76f1a0899054bd98511fa1193?s=96&d=mm&r=g","contentUrl":"https:\/\/secure.gravatar.com\/avatar\/5034325f5f268436bdd3215b21588654a01c97d76f1a0899054bd98511fa1193?s=96&d=mm&r=g","caption":"admin-aai"},"logo":{"@id":"https:\/\/secure.gravatar.com\/avatar\/5034325f5f268436bdd3215b21588654a01c97d76f1a0899054bd98511fa1193?s=96&d=mm&r=g"},"sameAs":["https:\/\/albanian-american-institute.org"],"url":"https:\/\/albanian-american-institute.org\/sq\/author\/admin-aai\/"}]}},"lang":"sq","translations":{"sq":27704,"en":27691},"_links":{"self":[{"href":"https:\/\/albanian-american-institute.org\/sq\/wp-json\/wp\/v2\/posts\/27704","targetHints":{"allow":["GET"]}}],"collection":[{"href":"https:\/\/albanian-american-institute.org\/sq\/wp-json\/wp\/v2\/posts"}],"about":[{"href":"https:\/\/albanian-american-institute.org\/sq\/wp-json\/wp\/v2\/types\/post"}],"author":[{"embeddable":true,"href":"https:\/\/albanian-american-institute.org\/sq\/wp-json\/wp\/v2\/users\/1"}],"replies":[{"embeddable":true,"href":"https:\/\/albanian-american-institute.org\/sq\/wp-json\/wp\/v2\/comments?post=27704"}],"version-history":[{"count":2,"href":"https:\/\/albanian-american-institute.org\/sq\/wp-json\/wp\/v2\/posts\/27704\/revisions"}],"predecessor-version":[{"id":27709,"href":"https:\/\/albanian-american-institute.org\/sq\/wp-json\/wp\/v2\/posts\/27704\/revisions\/27709"}],"wp:featuredmedia":[{"embeddable":true,"href":"https:\/\/albanian-american-institute.org\/sq\/wp-json\/wp\/v2\/media\/27705"}],"wp:attachment":[{"href":"https:\/\/albanian-american-institute.org\/sq\/wp-json\/wp\/v2\/media?parent=27704"}],"wp:term":[{"taxonomy":"category","embeddable":true,"href":"https:\/\/albanian-american-institute.org\/sq\/wp-json\/wp\/v2\/categories?post=27704"},{"taxonomy":"post_tag","embeddable":true,"href":"https:\/\/albanian-american-institute.org\/sq\/wp-json\/wp\/v2\/tags?post=27704"}],"curies":[{"name":"wp","href":"https:\/\/api.w.org\/{rel}","templated":true}]}}