{"id":27575,"date":"2026-03-15T15:56:30","date_gmt":"2026-03-15T15:56:30","guid":{"rendered":"https:\/\/albanian-american-institute.org\/?p=27575"},"modified":"2026-03-15T15:56:32","modified_gmt":"2026-03-15T15:56:32","slug":"lufta-ne-iran","status":"publish","type":"post","link":"https:\/\/albanian-american-institute.org\/sq\/2026\/03\/15\/lufta-ne-iran\/","title":{"rendered":"Lufta n\u00eb Iran"},"content":{"rendered":"<p>Lufta n\u00eb mes t\u00eb Izraelit dhe Iranit n\u00eb Lindjen e Mesme<\/p>\n\n\n\n<p>Gardat Revolucionare iraniane kan\u00eb k\u00ebrc\u00ebnuar drejtp\u00ebrdrejt kryeministrin izraelit, Benjamin Netanyahu, duke deklaruar se do t\u00eb vazhdojn\u00eb ta \u201cndjekin dhe ta vrasin\u201d, sipas mediave shtet\u00ebrore iraniane.<\/p>\n\n\n\n<p>Nd\u00ebrkoh\u00eb, autoritetet iraniane kan\u00eb nd\u00ebrmarr\u00eb edhe nj\u00eb operacion t\u00eb gjer\u00eb sigurie brenda vendit. Sipas raportimeve, 20 persona jan\u00eb arrestuar n\u00eb qytetin Urmia, t\u00eb akuzuar p\u00ebr spiunazh dhe p\u00ebr d\u00ebrgimin e vendndodhjeve t\u00eb objekteve ushtarake, policore dhe t\u00eb siguris\u00eb drejt Izraelit.<\/p>\n\n\n\n<p><\/p>","protected":false},"excerpt":{"rendered":"<p>Lufta n\u00eb mes t\u00eb Izraelit dhe Iranit n\u00eb Lindjen e Mesme Gardat Revolucionare iraniane kan\u00eb k\u00ebrc\u00ebnuar drejtp\u00ebrdrejt kryeministrin izraelit, Benjamin Netanyahu, duke deklaruar se do t\u00eb vazhdojn\u00eb ta \u201cndjekin dhe ta vrasin\u201d, sipas mediave shtet\u00ebrore iraniane. Nd\u00ebrkoh\u00eb, autoritetet iraniane kan\u00eb nd\u00ebrmarr\u00eb edhe nj\u00eb operacion t\u00eb gjer\u00eb sigurie brenda vendit. Sipas raportimeve, 20 persona jan\u00eb arrestuar [&hellip;]<\/p>\n","protected":false},"author":1,"featured_media":27572,"comment_status":"closed","ping_status":"open","sticky":false,"template":"","format":"standard","meta":{"_acf_changed":false,"footnotes":""},"categories":[181],"tags":[],"class_list":["post-27575","post","type-post","status-publish","format-standard","has-post-thumbnail","hentry","category-publikime"],"acf":[],"yoast_head":"<!-- This site is optimized with the Yoast SEO plugin v27.3 - https:\/\/yoast.com\/product\/yoast-seo-wordpress\/ -->\n<title>Lufta n\u00eb Iran - AAI<\/title>\n<meta name=\"robots\" content=\"index, follow, max-snippet:-1, max-image-preview:large, max-video-preview:-1\" \/>\n<link rel=\"canonical\" href=\"https:\/\/albanian-american-institute.org\/sq\/2026\/03\/15\/lufta-ne-iran\/\" \/>\n<meta property=\"og:locale\" content=\"sq_AL\" \/>\n<meta property=\"og:type\" content=\"article\" \/>\n<meta property=\"og:title\" content=\"Lufta n\u00eb Iran - AAI\" \/>\n<meta property=\"og:description\" content=\"Lufta n\u00eb mes t\u00eb Izraelit dhe Iranit n\u00eb Lindjen e Mesme Gardat Revolucionare iraniane kan\u00eb k\u00ebrc\u00ebnuar drejtp\u00ebrdrejt kryeministrin izraelit, Benjamin Netanyahu, duke deklaruar se do t\u00eb vazhdojn\u00eb ta \u201cndjekin dhe ta vrasin\u201d, sipas mediave shtet\u00ebrore iraniane. Nd\u00ebrkoh\u00eb, autoritetet iraniane kan\u00eb nd\u00ebrmarr\u00eb edhe nj\u00eb operacion t\u00eb gjer\u00eb sigurie brenda vendit. Sipas raportimeve, 20 persona jan\u00eb arrestuar [&hellip;]\" \/>\n<meta property=\"og:url\" content=\"https:\/\/albanian-american-institute.org\/sq\/2026\/03\/15\/lufta-ne-iran\/\" \/>\n<meta property=\"og:site_name\" content=\"AAI\" \/>\n<meta property=\"article:published_time\" content=\"2026-03-15T15:56:30+00:00\" \/>\n<meta property=\"article:modified_time\" content=\"2026-03-15T15:56:32+00:00\" \/>\n<meta property=\"og:image\" content=\"https:\/\/albanian-american-institute.org\/wp-content\/uploads\/2026\/03\/acd4afff-2587-4d63-98c9-a80cd436dab1_sd.webp\" \/>\n\t<meta property=\"og:image:width\" content=\"1280\" \/>\n\t<meta property=\"og:image:height\" content=\"720\" \/>\n\t<meta property=\"og:image:type\" content=\"image\/webp\" \/>\n<meta name=\"author\" content=\"admin-aai\" \/>\n<meta name=\"twitter:card\" content=\"summary_large_image\" \/>\n<meta name=\"twitter:label1\" content=\"Written by\" \/>\n\t<meta name=\"twitter:data1\" content=\"admin-aai\" \/>\n\t<meta name=\"twitter:label2\" content=\"Est. reading time\" \/>\n\t<meta name=\"twitter:data2\" content=\"1 minut\u00eb\" \/>\n<script type=\"application\/ld+json\" class=\"yoast-schema-graph\">{\"@context\":\"https:\\\/\\\/schema.org\",\"@graph\":[{\"@type\":\"Article\",\"@id\":\"https:\\\/\\\/albanian-american-institute.org\\\/sq\\\/2026\\\/03\\\/15\\\/lufta-ne-iran\\\/#article\",\"isPartOf\":{\"@id\":\"https:\\\/\\\/albanian-american-institute.org\\\/sq\\\/2026\\\/03\\\/15\\\/lufta-ne-iran\\\/\"},\"author\":{\"name\":\"admin-aai\",\"@id\":\"https:\\\/\\\/albanian-american-institute.org\\\/sq\\\/#\\\/schema\\\/person\\\/e1b18022e4c5b3f6e5647c000ac7c566\"},\"headline\":\"Lufta n\u00eb Iran\",\"datePublished\":\"2026-03-15T15:56:30+00:00\",\"dateModified\":\"2026-03-15T15:56:32+00:00\",\"mainEntityOfPage\":{\"@id\":\"https:\\\/\\\/albanian-american-institute.org\\\/sq\\\/2026\\\/03\\\/15\\\/lufta-ne-iran\\\/\"},\"wordCount\":87,\"publisher\":{\"@id\":\"https:\\\/\\\/albanian-american-institute.org\\\/sq\\\/#\\\/schema\\\/person\\\/e1b18022e4c5b3f6e5647c000ac7c566\"},\"image\":{\"@id\":\"https:\\\/\\\/albanian-american-institute.org\\\/sq\\\/2026\\\/03\\\/15\\\/lufta-ne-iran\\\/#primaryimage\"},\"thumbnailUrl\":\"https:\\\/\\\/albanian-american-institute.org\\\/wp-content\\\/uploads\\\/2026\\\/03\\\/acd4afff-2587-4d63-98c9-a80cd436dab1_sd.webp\",\"articleSection\":[\"Publikime\"],\"inLanguage\":\"sq\"},{\"@type\":\"WebPage\",\"@id\":\"https:\\\/\\\/albanian-american-institute.org\\\/sq\\\/2026\\\/03\\\/15\\\/lufta-ne-iran\\\/\",\"url\":\"https:\\\/\\\/albanian-american-institute.org\\\/sq\\\/2026\\\/03\\\/15\\\/lufta-ne-iran\\\/\",\"name\":\"Lufta n\u00eb Iran - AAI\",\"isPartOf\":{\"@id\":\"https:\\\/\\\/albanian-american-institute.org\\\/sq\\\/#website\"},\"primaryImageOfPage\":{\"@id\":\"https:\\\/\\\/albanian-american-institute.org\\\/sq\\\/2026\\\/03\\\/15\\\/lufta-ne-iran\\\/#primaryimage\"},\"image\":{\"@id\":\"https:\\\/\\\/albanian-american-institute.org\\\/sq\\\/2026\\\/03\\\/15\\\/lufta-ne-iran\\\/#primaryimage\"},\"thumbnailUrl\":\"https:\\\/\\\/albanian-american-institute.org\\\/wp-content\\\/uploads\\\/2026\\\/03\\\/acd4afff-2587-4d63-98c9-a80cd436dab1_sd.webp\",\"datePublished\":\"2026-03-15T15:56:30+00:00\",\"dateModified\":\"2026-03-15T15:56:32+00:00\",\"breadcrumb\":{\"@id\":\"https:\\\/\\\/albanian-american-institute.org\\\/sq\\\/2026\\\/03\\\/15\\\/lufta-ne-iran\\\/#breadcrumb\"},\"inLanguage\":\"sq\",\"potentialAction\":[{\"@type\":\"ReadAction\",\"target\":[\"https:\\\/\\\/albanian-american-institute.org\\\/sq\\\/2026\\\/03\\\/15\\\/lufta-ne-iran\\\/\"]}]},{\"@type\":\"ImageObject\",\"inLanguage\":\"sq\",\"@id\":\"https:\\\/\\\/albanian-american-institute.org\\\/sq\\\/2026\\\/03\\\/15\\\/lufta-ne-iran\\\/#primaryimage\",\"url\":\"https:\\\/\\\/albanian-american-institute.org\\\/wp-content\\\/uploads\\\/2026\\\/03\\\/acd4afff-2587-4d63-98c9-a80cd436dab1_sd.webp\",\"contentUrl\":\"https:\\\/\\\/albanian-american-institute.org\\\/wp-content\\\/uploads\\\/2026\\\/03\\\/acd4afff-2587-4d63-98c9-a80cd436dab1_sd.webp\",\"width\":1280,\"height\":720},{\"@type\":\"BreadcrumbList\",\"@id\":\"https:\\\/\\\/albanian-american-institute.org\\\/sq\\\/2026\\\/03\\\/15\\\/lufta-ne-iran\\\/#breadcrumb\",\"itemListElement\":[{\"@type\":\"ListItem\",\"position\":1,\"name\":\"Home\",\"item\":\"https:\\\/\\\/albanian-american-institute.org\\\/sq\\\/hyrje\\\/\"},{\"@type\":\"ListItem\",\"position\":2,\"name\":\"Lufta n\u00eb Iran\"}]},{\"@type\":\"WebSite\",\"@id\":\"https:\\\/\\\/albanian-american-institute.org\\\/sq\\\/#website\",\"url\":\"https:\\\/\\\/albanian-american-institute.org\\\/sq\\\/\",\"name\":\"AAI\",\"description\":\"AAI\",\"publisher\":{\"@id\":\"https:\\\/\\\/albanian-american-institute.org\\\/sq\\\/#\\\/schema\\\/person\\\/e1b18022e4c5b3f6e5647c000ac7c566\"},\"potentialAction\":[{\"@type\":\"SearchAction\",\"target\":{\"@type\":\"EntryPoint\",\"urlTemplate\":\"https:\\\/\\\/albanian-american-institute.org\\\/sq\\\/?s={search_term_string}\"},\"query-input\":{\"@type\":\"PropertyValueSpecification\",\"valueRequired\":true,\"valueName\":\"search_term_string\"}}],\"inLanguage\":\"sq\"},{\"@type\":[\"Person\",\"Organization\"],\"@id\":\"https:\\\/\\\/albanian-american-institute.org\\\/sq\\\/#\\\/schema\\\/person\\\/e1b18022e4c5b3f6e5647c000ac7c566\",\"name\":\"admin-aai\",\"image\":{\"@type\":\"ImageObject\",\"inLanguage\":\"sq\",\"@id\":\"https:\\\/\\\/secure.gravatar.com\\\/avatar\\\/5034325f5f268436bdd3215b21588654a01c97d76f1a0899054bd98511fa1193?s=96&d=mm&r=g\",\"url\":\"https:\\\/\\\/secure.gravatar.com\\\/avatar\\\/5034325f5f268436bdd3215b21588654a01c97d76f1a0899054bd98511fa1193?s=96&d=mm&r=g\",\"contentUrl\":\"https:\\\/\\\/secure.gravatar.com\\\/avatar\\\/5034325f5f268436bdd3215b21588654a01c97d76f1a0899054bd98511fa1193?s=96&d=mm&r=g\",\"caption\":\"admin-aai\"},\"logo\":{\"@id\":\"https:\\\/\\\/secure.gravatar.com\\\/avatar\\\/5034325f5f268436bdd3215b21588654a01c97d76f1a0899054bd98511fa1193?s=96&d=mm&r=g\"},\"sameAs\":[\"https:\\\/\\\/albanian-american-institute.org\"],\"url\":\"https:\\\/\\\/albanian-american-institute.org\\\/sq\\\/author\\\/admin-aai\\\/\"}]}<\/script>\n<!-- \/ Yoast SEO plugin. -->","yoast_head_json":{"title":"Lufta n\u00eb Iran - AAI","robots":{"index":"index","follow":"follow","max-snippet":"max-snippet:-1","max-image-preview":"max-image-preview:large","max-video-preview":"max-video-preview:-1"},"canonical":"https:\/\/albanian-american-institute.org\/sq\/2026\/03\/15\/lufta-ne-iran\/","og_locale":"sq_AL","og_type":"article","og_title":"Lufta n\u00eb Iran - AAI","og_description":"Lufta n\u00eb mes t\u00eb Izraelit dhe Iranit n\u00eb Lindjen e Mesme Gardat Revolucionare iraniane kan\u00eb k\u00ebrc\u00ebnuar drejtp\u00ebrdrejt kryeministrin izraelit, Benjamin Netanyahu, duke deklaruar se do t\u00eb vazhdojn\u00eb ta \u201cndjekin dhe ta vrasin\u201d, sipas mediave shtet\u00ebrore iraniane. Nd\u00ebrkoh\u00eb, autoritetet iraniane kan\u00eb nd\u00ebrmarr\u00eb edhe nj\u00eb operacion t\u00eb gjer\u00eb sigurie brenda vendit. Sipas raportimeve, 20 persona jan\u00eb arrestuar [&hellip;]","og_url":"https:\/\/albanian-american-institute.org\/sq\/2026\/03\/15\/lufta-ne-iran\/","og_site_name":"AAI","article_published_time":"2026-03-15T15:56:30+00:00","article_modified_time":"2026-03-15T15:56:32+00:00","og_image":[{"width":1280,"height":720,"url":"https:\/\/albanian-american-institute.org\/wp-content\/uploads\/2026\/03\/acd4afff-2587-4d63-98c9-a80cd436dab1_sd.webp","type":"image\/webp"}],"author":"admin-aai","twitter_card":"summary_large_image","twitter_misc":{"Written by":"admin-aai","Est. reading time":"1 minut\u00eb"},"schema":{"@context":"https:\/\/schema.org","@graph":[{"@type":"Article","@id":"https:\/\/albanian-american-institute.org\/sq\/2026\/03\/15\/lufta-ne-iran\/#article","isPartOf":{"@id":"https:\/\/albanian-american-institute.org\/sq\/2026\/03\/15\/lufta-ne-iran\/"},"author":{"name":"admin-aai","@id":"https:\/\/albanian-american-institute.org\/sq\/#\/schema\/person\/e1b18022e4c5b3f6e5647c000ac7c566"},"headline":"Lufta n\u00eb Iran","datePublished":"2026-03-15T15:56:30+00:00","dateModified":"2026-03-15T15:56:32+00:00","mainEntityOfPage":{"@id":"https:\/\/albanian-american-institute.org\/sq\/2026\/03\/15\/lufta-ne-iran\/"},"wordCount":87,"publisher":{"@id":"https:\/\/albanian-american-institute.org\/sq\/#\/schema\/person\/e1b18022e4c5b3f6e5647c000ac7c566"},"image":{"@id":"https:\/\/albanian-american-institute.org\/sq\/2026\/03\/15\/lufta-ne-iran\/#primaryimage"},"thumbnailUrl":"https:\/\/albanian-american-institute.org\/wp-content\/uploads\/2026\/03\/acd4afff-2587-4d63-98c9-a80cd436dab1_sd.webp","articleSection":["Publikime"],"inLanguage":"sq"},{"@type":"WebPage","@id":"https:\/\/albanian-american-institute.org\/sq\/2026\/03\/15\/lufta-ne-iran\/","url":"https:\/\/albanian-american-institute.org\/sq\/2026\/03\/15\/lufta-ne-iran\/","name":"Lufta n\u00eb Iran - AAI","isPartOf":{"@id":"https:\/\/albanian-american-institute.org\/sq\/#website"},"primaryImageOfPage":{"@id":"https:\/\/albanian-american-institute.org\/sq\/2026\/03\/15\/lufta-ne-iran\/#primaryimage"},"image":{"@id":"https:\/\/albanian-american-institute.org\/sq\/2026\/03\/15\/lufta-ne-iran\/#primaryimage"},"thumbnailUrl":"https:\/\/albanian-american-institute.org\/wp-content\/uploads\/2026\/03\/acd4afff-2587-4d63-98c9-a80cd436dab1_sd.webp","datePublished":"2026-03-15T15:56:30+00:00","dateModified":"2026-03-15T15:56:32+00:00","breadcrumb":{"@id":"https:\/\/albanian-american-institute.org\/sq\/2026\/03\/15\/lufta-ne-iran\/#breadcrumb"},"inLanguage":"sq","potentialAction":[{"@type":"ReadAction","target":["https:\/\/albanian-american-institute.org\/sq\/2026\/03\/15\/lufta-ne-iran\/"]}]},{"@type":"ImageObject","inLanguage":"sq","@id":"https:\/\/albanian-american-institute.org\/sq\/2026\/03\/15\/lufta-ne-iran\/#primaryimage","url":"https:\/\/albanian-american-institute.org\/wp-content\/uploads\/2026\/03\/acd4afff-2587-4d63-98c9-a80cd436dab1_sd.webp","contentUrl":"https:\/\/albanian-american-institute.org\/wp-content\/uploads\/2026\/03\/acd4afff-2587-4d63-98c9-a80cd436dab1_sd.webp","width":1280,"height":720},{"@type":"BreadcrumbList","@id":"https:\/\/albanian-american-institute.org\/sq\/2026\/03\/15\/lufta-ne-iran\/#breadcrumb","itemListElement":[{"@type":"ListItem","position":1,"name":"Home","item":"https:\/\/albanian-american-institute.org\/sq\/hyrje\/"},{"@type":"ListItem","position":2,"name":"Lufta n\u00eb Iran"}]},{"@type":"WebSite","@id":"https:\/\/albanian-american-institute.org\/sq\/#website","url":"https:\/\/albanian-american-institute.org\/sq\/","name":"AAI","description":"AAI","publisher":{"@id":"https:\/\/albanian-american-institute.org\/sq\/#\/schema\/person\/e1b18022e4c5b3f6e5647c000ac7c566"},"potentialAction":[{"@type":"SearchAction","target":{"@type":"EntryPoint","urlTemplate":"https:\/\/albanian-american-institute.org\/sq\/?s={search_term_string}"},"query-input":{"@type":"PropertyValueSpecification","valueRequired":true,"valueName":"search_term_string"}}],"inLanguage":"sq"},{"@type":["Person","Organization"],"@id":"https:\/\/albanian-american-institute.org\/sq\/#\/schema\/person\/e1b18022e4c5b3f6e5647c000ac7c566","name":"admin-aai","image":{"@type":"ImageObject","inLanguage":"sq","@id":"https:\/\/secure.gravatar.com\/avatar\/5034325f5f268436bdd3215b21588654a01c97d76f1a0899054bd98511fa1193?s=96&d=mm&r=g","url":"https:\/\/secure.gravatar.com\/avatar\/5034325f5f268436bdd3215b21588654a01c97d76f1a0899054bd98511fa1193?s=96&d=mm&r=g","contentUrl":"https:\/\/secure.gravatar.com\/avatar\/5034325f5f268436bdd3215b21588654a01c97d76f1a0899054bd98511fa1193?s=96&d=mm&r=g","caption":"admin-aai"},"logo":{"@id":"https:\/\/secure.gravatar.com\/avatar\/5034325f5f268436bdd3215b21588654a01c97d76f1a0899054bd98511fa1193?s=96&d=mm&r=g"},"sameAs":["https:\/\/albanian-american-institute.org"],"url":"https:\/\/albanian-american-institute.org\/sq\/author\/admin-aai\/"}]}},"lang":"sq","translations":{"sq":27575,"en":27571},"_links":{"self":[{"href":"https:\/\/albanian-american-institute.org\/sq\/wp-json\/wp\/v2\/posts\/27575","targetHints":{"allow":["GET"]}}],"collection":[{"href":"https:\/\/albanian-american-institute.org\/sq\/wp-json\/wp\/v2\/posts"}],"about":[{"href":"https:\/\/albanian-american-institute.org\/sq\/wp-json\/wp\/v2\/types\/post"}],"author":[{"embeddable":true,"href":"https:\/\/albanian-american-institute.org\/sq\/wp-json\/wp\/v2\/users\/1"}],"replies":[{"embeddable":true,"href":"https:\/\/albanian-american-institute.org\/sq\/wp-json\/wp\/v2\/comments?post=27575"}],"version-history":[{"count":1,"href":"https:\/\/albanian-american-institute.org\/sq\/wp-json\/wp\/v2\/posts\/27575\/revisions"}],"predecessor-version":[{"id":27576,"href":"https:\/\/albanian-american-institute.org\/sq\/wp-json\/wp\/v2\/posts\/27575\/revisions\/27576"}],"wp:featuredmedia":[{"embeddable":true,"href":"https:\/\/albanian-american-institute.org\/sq\/wp-json\/wp\/v2\/media\/27572"}],"wp:attachment":[{"href":"https:\/\/albanian-american-institute.org\/sq\/wp-json\/wp\/v2\/media?parent=27575"}],"wp:term":[{"taxonomy":"category","embeddable":true,"href":"https:\/\/albanian-american-institute.org\/sq\/wp-json\/wp\/v2\/categories?post=27575"},{"taxonomy":"post_tag","embeddable":true,"href":"https:\/\/albanian-american-institute.org\/sq\/wp-json\/wp\/v2\/tags?post=27575"}],"curies":[{"name":"wp","href":"https:\/\/api.w.org\/{rel}","templated":true}]}}