{"id":27501,"date":"2026-03-08T13:22:40","date_gmt":"2026-03-08T13:22:40","guid":{"rendered":"https:\/\/albanian-american-institute.org\/?p=27501"},"modified":"2026-03-08T13:22:41","modified_gmt":"2026-03-08T13:22:41","slug":"libri-origjina-e-mendimit-kombetar-diskursi-i-humanisteve-shqiptare-gjate-rilindjes-po-promovohet-ne-tuz","status":"publish","type":"post","link":"https:\/\/albanian-american-institute.org\/sq\/2026\/03\/08\/libri-origjina-e-mendimit-kombetar-diskursi-i-humanisteve-shqiptare-gjate-rilindjes-po-promovohet-ne-tuz\/","title":{"rendered":"Libri \u201cOrigjina e Mendimit Komb\u00ebtar: Diskursi i Humanist\u00ebve Shqiptar\u00eb Gjat\u00eb Rilindjes\u201d po promovohet n\u00eb Tuz."},"content":{"rendered":"<p>N\u00eb Tuz u shpall promovimi i librit shkencor \u201cZanafilla e mendimit komb\u00ebtar: diskursi i humanist\u00ebve t\u00eb arb\u00ebnor\u00eb gjat\u00eb Renes\u201d, me autor Albert Bikaj, i botuar me vendimin e K\u00ebshillit Komb\u00ebtar t\u00eb Shqiptar\u00ebve n\u00eb Mal t\u00eb Zi.<\/p>","protected":false},"excerpt":{"rendered":"<p>N\u00eb Tuz u shpall promovimi i librit shkencor \u201cZanafilla e mendimit komb\u00ebtar: diskursi i humanist\u00ebve t\u00eb arb\u00ebnor\u00eb gjat\u00eb Renes\u201d, me autor Albert Bikaj, i botuar me vendimin e K\u00ebshillit Komb\u00ebtar t\u00eb Shqiptar\u00ebve n\u00eb Mal t\u00eb Zi.<\/p>","protected":false},"author":1,"featured_media":27218,"comment_status":"closed","ping_status":"open","sticky":false,"template":"","format":"standard","meta":{"_acf_changed":false,"footnotes":""},"categories":[177],"tags":[],"class_list":["post-27501","post","type-post","status-publish","format-standard","has-post-thumbnail","hentry","category-lajme-ne-mal-te-zi"],"acf":[],"yoast_head":"<!-- This site is optimized with the Yoast SEO plugin v27.3 - https:\/\/yoast.com\/product\/yoast-seo-wordpress\/ -->\n<title>Libri \u201cOrigjina e Mendimit Komb\u00ebtar: Diskursi i Humanist\u00ebve Shqiptar\u00eb Gjat\u00eb Rilindjes\u201d po promovohet n\u00eb Tuz. - AAI<\/title>\n<meta name=\"robots\" content=\"index, follow, max-snippet:-1, max-image-preview:large, max-video-preview:-1\" \/>\n<link rel=\"canonical\" href=\"https:\/\/albanian-american-institute.org\/sq\/2026\/03\/08\/libri-origjina-e-mendimit-kombetar-diskursi-i-humanisteve-shqiptare-gjate-rilindjes-po-promovohet-ne-tuz\/\" \/>\n<meta property=\"og:locale\" content=\"sq_AL\" \/>\n<meta property=\"og:type\" content=\"article\" \/>\n<meta property=\"og:title\" content=\"Libri \u201cOrigjina e Mendimit Komb\u00ebtar: Diskursi i Humanist\u00ebve Shqiptar\u00eb Gjat\u00eb Rilindjes\u201d po promovohet n\u00eb Tuz. - AAI\" \/>\n<meta property=\"og:description\" content=\"N\u00eb Tuz u shpall promovimi i librit shkencor \u201cZanafilla e mendimit komb\u00ebtar: diskursi i humanist\u00ebve t\u00eb arb\u00ebnor\u00eb gjat\u00eb Renes\u201d, me autor Albert Bikaj, i botuar me vendimin e K\u00ebshillit Komb\u00ebtar t\u00eb Shqiptar\u00ebve n\u00eb Mal t\u00eb Zi.\" \/>\n<meta property=\"og:url\" content=\"https:\/\/albanian-american-institute.org\/sq\/2026\/03\/08\/libri-origjina-e-mendimit-kombetar-diskursi-i-humanisteve-shqiptare-gjate-rilindjes-po-promovohet-ne-tuz\/\" \/>\n<meta property=\"og:site_name\" content=\"AAI\" \/>\n<meta property=\"article:published_time\" content=\"2026-03-08T13:22:40+00:00\" \/>\n<meta property=\"article:modified_time\" content=\"2026-03-08T13:22:41+00:00\" \/>\n<meta property=\"og:image\" content=\"https:\/\/albanian-american-institute.org\/wp-content\/uploads\/2026\/03\/libri.jpeg\" \/>\n\t<meta property=\"og:image:width\" content=\"1292\" \/>\n\t<meta property=\"og:image:height\" content=\"726\" \/>\n\t<meta property=\"og:image:type\" content=\"image\/jpeg\" \/>\n<meta name=\"author\" content=\"admin-aai\" \/>\n<meta name=\"twitter:card\" content=\"summary_large_image\" \/>\n<meta name=\"twitter:label1\" content=\"Written by\" \/>\n\t<meta name=\"twitter:data1\" content=\"admin-aai\" \/>\n<script type=\"application\/ld+json\" class=\"yoast-schema-graph\">{\"@context\":\"https:\\\/\\\/schema.org\",\"@graph\":[{\"@type\":\"Article\",\"@id\":\"https:\\\/\\\/albanian-american-institute.org\\\/sq\\\/2026\\\/03\\\/08\\\/libri-origjina-e-mendimit-kombetar-diskursi-i-humanisteve-shqiptare-gjate-rilindjes-po-promovohet-ne-tuz\\\/#article\",\"isPartOf\":{\"@id\":\"https:\\\/\\\/albanian-american-institute.org\\\/sq\\\/2026\\\/03\\\/08\\\/libri-origjina-e-mendimit-kombetar-diskursi-i-humanisteve-shqiptare-gjate-rilindjes-po-promovohet-ne-tuz\\\/\"},\"author\":{\"name\":\"admin-aai\",\"@id\":\"https:\\\/\\\/albanian-american-institute.org\\\/sq\\\/#\\\/schema\\\/person\\\/e1b18022e4c5b3f6e5647c000ac7c566\"},\"headline\":\"Libri \u201cOrigjina e Mendimit Komb\u00ebtar: Diskursi i Humanist\u00ebve Shqiptar\u00eb Gjat\u00eb Rilindjes\u201d po promovohet n\u00eb Tuz.\",\"datePublished\":\"2026-03-08T13:22:40+00:00\",\"dateModified\":\"2026-03-08T13:22:41+00:00\",\"mainEntityOfPage\":{\"@id\":\"https:\\\/\\\/albanian-american-institute.org\\\/sq\\\/2026\\\/03\\\/08\\\/libri-origjina-e-mendimit-kombetar-diskursi-i-humanisteve-shqiptare-gjate-rilindjes-po-promovohet-ne-tuz\\\/\"},\"wordCount\":59,\"publisher\":{\"@id\":\"https:\\\/\\\/albanian-american-institute.org\\\/sq\\\/#\\\/schema\\\/person\\\/e1b18022e4c5b3f6e5647c000ac7c566\"},\"image\":{\"@id\":\"https:\\\/\\\/albanian-american-institute.org\\\/sq\\\/2026\\\/03\\\/08\\\/libri-origjina-e-mendimit-kombetar-diskursi-i-humanisteve-shqiptare-gjate-rilindjes-po-promovohet-ne-tuz\\\/#primaryimage\"},\"thumbnailUrl\":\"https:\\\/\\\/albanian-american-institute.org\\\/wp-content\\\/uploads\\\/2026\\\/03\\\/libri.jpeg\",\"articleSection\":[\"Lajme n\u00eb Mal t\u00eb Zi\"],\"inLanguage\":\"sq\"},{\"@type\":\"WebPage\",\"@id\":\"https:\\\/\\\/albanian-american-institute.org\\\/sq\\\/2026\\\/03\\\/08\\\/libri-origjina-e-mendimit-kombetar-diskursi-i-humanisteve-shqiptare-gjate-rilindjes-po-promovohet-ne-tuz\\\/\",\"url\":\"https:\\\/\\\/albanian-american-institute.org\\\/sq\\\/2026\\\/03\\\/08\\\/libri-origjina-e-mendimit-kombetar-diskursi-i-humanisteve-shqiptare-gjate-rilindjes-po-promovohet-ne-tuz\\\/\",\"name\":\"Libri \u201cOrigjina e Mendimit Komb\u00ebtar: Diskursi i Humanist\u00ebve Shqiptar\u00eb Gjat\u00eb Rilindjes\u201d po promovohet n\u00eb Tuz. - AAI\",\"isPartOf\":{\"@id\":\"https:\\\/\\\/albanian-american-institute.org\\\/sq\\\/#website\"},\"primaryImageOfPage\":{\"@id\":\"https:\\\/\\\/albanian-american-institute.org\\\/sq\\\/2026\\\/03\\\/08\\\/libri-origjina-e-mendimit-kombetar-diskursi-i-humanisteve-shqiptare-gjate-rilindjes-po-promovohet-ne-tuz\\\/#primaryimage\"},\"image\":{\"@id\":\"https:\\\/\\\/albanian-american-institute.org\\\/sq\\\/2026\\\/03\\\/08\\\/libri-origjina-e-mendimit-kombetar-diskursi-i-humanisteve-shqiptare-gjate-rilindjes-po-promovohet-ne-tuz\\\/#primaryimage\"},\"thumbnailUrl\":\"https:\\\/\\\/albanian-american-institute.org\\\/wp-content\\\/uploads\\\/2026\\\/03\\\/libri.jpeg\",\"datePublished\":\"2026-03-08T13:22:40+00:00\",\"dateModified\":\"2026-03-08T13:22:41+00:00\",\"breadcrumb\":{\"@id\":\"https:\\\/\\\/albanian-american-institute.org\\\/sq\\\/2026\\\/03\\\/08\\\/libri-origjina-e-mendimit-kombetar-diskursi-i-humanisteve-shqiptare-gjate-rilindjes-po-promovohet-ne-tuz\\\/#breadcrumb\"},\"inLanguage\":\"sq\",\"potentialAction\":[{\"@type\":\"ReadAction\",\"target\":[\"https:\\\/\\\/albanian-american-institute.org\\\/sq\\\/2026\\\/03\\\/08\\\/libri-origjina-e-mendimit-kombetar-diskursi-i-humanisteve-shqiptare-gjate-rilindjes-po-promovohet-ne-tuz\\\/\"]}]},{\"@type\":\"ImageObject\",\"inLanguage\":\"sq\",\"@id\":\"https:\\\/\\\/albanian-american-institute.org\\\/sq\\\/2026\\\/03\\\/08\\\/libri-origjina-e-mendimit-kombetar-diskursi-i-humanisteve-shqiptare-gjate-rilindjes-po-promovohet-ne-tuz\\\/#primaryimage\",\"url\":\"https:\\\/\\\/albanian-american-institute.org\\\/wp-content\\\/uploads\\\/2026\\\/03\\\/libri.jpeg\",\"contentUrl\":\"https:\\\/\\\/albanian-american-institute.org\\\/wp-content\\\/uploads\\\/2026\\\/03\\\/libri.jpeg\",\"width\":1292,\"height\":726},{\"@type\":\"BreadcrumbList\",\"@id\":\"https:\\\/\\\/albanian-american-institute.org\\\/sq\\\/2026\\\/03\\\/08\\\/libri-origjina-e-mendimit-kombetar-diskursi-i-humanisteve-shqiptare-gjate-rilindjes-po-promovohet-ne-tuz\\\/#breadcrumb\",\"itemListElement\":[{\"@type\":\"ListItem\",\"position\":1,\"name\":\"Home\",\"item\":\"https:\\\/\\\/albanian-american-institute.org\\\/sq\\\/hyrje\\\/\"},{\"@type\":\"ListItem\",\"position\":2,\"name\":\"Libri \u201cOrigjina e Mendimit Komb\u00ebtar: Diskursi i Humanist\u00ebve Shqiptar\u00eb Gjat\u00eb Rilindjes\u201d po promovohet n\u00eb Tuz.\"}]},{\"@type\":\"WebSite\",\"@id\":\"https:\\\/\\\/albanian-american-institute.org\\\/sq\\\/#website\",\"url\":\"https:\\\/\\\/albanian-american-institute.org\\\/sq\\\/\",\"name\":\"AAI\",\"description\":\"AAI\",\"publisher\":{\"@id\":\"https:\\\/\\\/albanian-american-institute.org\\\/sq\\\/#\\\/schema\\\/person\\\/e1b18022e4c5b3f6e5647c000ac7c566\"},\"potentialAction\":[{\"@type\":\"SearchAction\",\"target\":{\"@type\":\"EntryPoint\",\"urlTemplate\":\"https:\\\/\\\/albanian-american-institute.org\\\/sq\\\/?s={search_term_string}\"},\"query-input\":{\"@type\":\"PropertyValueSpecification\",\"valueRequired\":true,\"valueName\":\"search_term_string\"}}],\"inLanguage\":\"sq\"},{\"@type\":[\"Person\",\"Organization\"],\"@id\":\"https:\\\/\\\/albanian-american-institute.org\\\/sq\\\/#\\\/schema\\\/person\\\/e1b18022e4c5b3f6e5647c000ac7c566\",\"name\":\"admin-aai\",\"image\":{\"@type\":\"ImageObject\",\"inLanguage\":\"sq\",\"@id\":\"https:\\\/\\\/secure.gravatar.com\\\/avatar\\\/5034325f5f268436bdd3215b21588654a01c97d76f1a0899054bd98511fa1193?s=96&d=mm&r=g\",\"url\":\"https:\\\/\\\/secure.gravatar.com\\\/avatar\\\/5034325f5f268436bdd3215b21588654a01c97d76f1a0899054bd98511fa1193?s=96&d=mm&r=g\",\"contentUrl\":\"https:\\\/\\\/secure.gravatar.com\\\/avatar\\\/5034325f5f268436bdd3215b21588654a01c97d76f1a0899054bd98511fa1193?s=96&d=mm&r=g\",\"caption\":\"admin-aai\"},\"logo\":{\"@id\":\"https:\\\/\\\/secure.gravatar.com\\\/avatar\\\/5034325f5f268436bdd3215b21588654a01c97d76f1a0899054bd98511fa1193?s=96&d=mm&r=g\"},\"sameAs\":[\"https:\\\/\\\/albanian-american-institute.org\"],\"url\":\"https:\\\/\\\/albanian-american-institute.org\\\/sq\\\/author\\\/admin-aai\\\/\"}]}<\/script>\n<!-- \/ Yoast SEO plugin. -->","yoast_head_json":{"title":"Libri \u201cOrigjina e Mendimit Komb\u00ebtar: Diskursi i Humanist\u00ebve Shqiptar\u00eb Gjat\u00eb Rilindjes\u201d po promovohet n\u00eb Tuz. - AAI","robots":{"index":"index","follow":"follow","max-snippet":"max-snippet:-1","max-image-preview":"max-image-preview:large","max-video-preview":"max-video-preview:-1"},"canonical":"https:\/\/albanian-american-institute.org\/sq\/2026\/03\/08\/libri-origjina-e-mendimit-kombetar-diskursi-i-humanisteve-shqiptare-gjate-rilindjes-po-promovohet-ne-tuz\/","og_locale":"sq_AL","og_type":"article","og_title":"Libri \u201cOrigjina e Mendimit Komb\u00ebtar: Diskursi i Humanist\u00ebve Shqiptar\u00eb Gjat\u00eb Rilindjes\u201d po promovohet n\u00eb Tuz. - AAI","og_description":"N\u00eb Tuz u shpall promovimi i librit shkencor \u201cZanafilla e mendimit komb\u00ebtar: diskursi i humanist\u00ebve t\u00eb arb\u00ebnor\u00eb gjat\u00eb Renes\u201d, me autor Albert Bikaj, i botuar me vendimin e K\u00ebshillit Komb\u00ebtar t\u00eb Shqiptar\u00ebve n\u00eb Mal t\u00eb Zi.","og_url":"https:\/\/albanian-american-institute.org\/sq\/2026\/03\/08\/libri-origjina-e-mendimit-kombetar-diskursi-i-humanisteve-shqiptare-gjate-rilindjes-po-promovohet-ne-tuz\/","og_site_name":"AAI","article_published_time":"2026-03-08T13:22:40+00:00","article_modified_time":"2026-03-08T13:22:41+00:00","og_image":[{"width":1292,"height":726,"url":"https:\/\/albanian-american-institute.org\/wp-content\/uploads\/2026\/03\/libri.jpeg","type":"image\/jpeg"}],"author":"admin-aai","twitter_card":"summary_large_image","twitter_misc":{"Written by":"admin-aai"},"schema":{"@context":"https:\/\/schema.org","@graph":[{"@type":"Article","@id":"https:\/\/albanian-american-institute.org\/sq\/2026\/03\/08\/libri-origjina-e-mendimit-kombetar-diskursi-i-humanisteve-shqiptare-gjate-rilindjes-po-promovohet-ne-tuz\/#article","isPartOf":{"@id":"https:\/\/albanian-american-institute.org\/sq\/2026\/03\/08\/libri-origjina-e-mendimit-kombetar-diskursi-i-humanisteve-shqiptare-gjate-rilindjes-po-promovohet-ne-tuz\/"},"author":{"name":"admin-aai","@id":"https:\/\/albanian-american-institute.org\/sq\/#\/schema\/person\/e1b18022e4c5b3f6e5647c000ac7c566"},"headline":"Libri \u201cOrigjina e Mendimit Komb\u00ebtar: Diskursi i Humanist\u00ebve Shqiptar\u00eb Gjat\u00eb Rilindjes\u201d po promovohet n\u00eb Tuz.","datePublished":"2026-03-08T13:22:40+00:00","dateModified":"2026-03-08T13:22:41+00:00","mainEntityOfPage":{"@id":"https:\/\/albanian-american-institute.org\/sq\/2026\/03\/08\/libri-origjina-e-mendimit-kombetar-diskursi-i-humanisteve-shqiptare-gjate-rilindjes-po-promovohet-ne-tuz\/"},"wordCount":59,"publisher":{"@id":"https:\/\/albanian-american-institute.org\/sq\/#\/schema\/person\/e1b18022e4c5b3f6e5647c000ac7c566"},"image":{"@id":"https:\/\/albanian-american-institute.org\/sq\/2026\/03\/08\/libri-origjina-e-mendimit-kombetar-diskursi-i-humanisteve-shqiptare-gjate-rilindjes-po-promovohet-ne-tuz\/#primaryimage"},"thumbnailUrl":"https:\/\/albanian-american-institute.org\/wp-content\/uploads\/2026\/03\/libri.jpeg","articleSection":["Lajme n\u00eb Mal t\u00eb Zi"],"inLanguage":"sq"},{"@type":"WebPage","@id":"https:\/\/albanian-american-institute.org\/sq\/2026\/03\/08\/libri-origjina-e-mendimit-kombetar-diskursi-i-humanisteve-shqiptare-gjate-rilindjes-po-promovohet-ne-tuz\/","url":"https:\/\/albanian-american-institute.org\/sq\/2026\/03\/08\/libri-origjina-e-mendimit-kombetar-diskursi-i-humanisteve-shqiptare-gjate-rilindjes-po-promovohet-ne-tuz\/","name":"Libri \u201cOrigjina e Mendimit Komb\u00ebtar: Diskursi i Humanist\u00ebve Shqiptar\u00eb Gjat\u00eb Rilindjes\u201d po promovohet n\u00eb Tuz. - AAI","isPartOf":{"@id":"https:\/\/albanian-american-institute.org\/sq\/#website"},"primaryImageOfPage":{"@id":"https:\/\/albanian-american-institute.org\/sq\/2026\/03\/08\/libri-origjina-e-mendimit-kombetar-diskursi-i-humanisteve-shqiptare-gjate-rilindjes-po-promovohet-ne-tuz\/#primaryimage"},"image":{"@id":"https:\/\/albanian-american-institute.org\/sq\/2026\/03\/08\/libri-origjina-e-mendimit-kombetar-diskursi-i-humanisteve-shqiptare-gjate-rilindjes-po-promovohet-ne-tuz\/#primaryimage"},"thumbnailUrl":"https:\/\/albanian-american-institute.org\/wp-content\/uploads\/2026\/03\/libri.jpeg","datePublished":"2026-03-08T13:22:40+00:00","dateModified":"2026-03-08T13:22:41+00:00","breadcrumb":{"@id":"https:\/\/albanian-american-institute.org\/sq\/2026\/03\/08\/libri-origjina-e-mendimit-kombetar-diskursi-i-humanisteve-shqiptare-gjate-rilindjes-po-promovohet-ne-tuz\/#breadcrumb"},"inLanguage":"sq","potentialAction":[{"@type":"ReadAction","target":["https:\/\/albanian-american-institute.org\/sq\/2026\/03\/08\/libri-origjina-e-mendimit-kombetar-diskursi-i-humanisteve-shqiptare-gjate-rilindjes-po-promovohet-ne-tuz\/"]}]},{"@type":"ImageObject","inLanguage":"sq","@id":"https:\/\/albanian-american-institute.org\/sq\/2026\/03\/08\/libri-origjina-e-mendimit-kombetar-diskursi-i-humanisteve-shqiptare-gjate-rilindjes-po-promovohet-ne-tuz\/#primaryimage","url":"https:\/\/albanian-american-institute.org\/wp-content\/uploads\/2026\/03\/libri.jpeg","contentUrl":"https:\/\/albanian-american-institute.org\/wp-content\/uploads\/2026\/03\/libri.jpeg","width":1292,"height":726},{"@type":"BreadcrumbList","@id":"https:\/\/albanian-american-institute.org\/sq\/2026\/03\/08\/libri-origjina-e-mendimit-kombetar-diskursi-i-humanisteve-shqiptare-gjate-rilindjes-po-promovohet-ne-tuz\/#breadcrumb","itemListElement":[{"@type":"ListItem","position":1,"name":"Home","item":"https:\/\/albanian-american-institute.org\/sq\/hyrje\/"},{"@type":"ListItem","position":2,"name":"Libri \u201cOrigjina e Mendimit Komb\u00ebtar: Diskursi i Humanist\u00ebve Shqiptar\u00eb Gjat\u00eb Rilindjes\u201d po promovohet n\u00eb Tuz."}]},{"@type":"WebSite","@id":"https:\/\/albanian-american-institute.org\/sq\/#website","url":"https:\/\/albanian-american-institute.org\/sq\/","name":"AAI","description":"AAI","publisher":{"@id":"https:\/\/albanian-american-institute.org\/sq\/#\/schema\/person\/e1b18022e4c5b3f6e5647c000ac7c566"},"potentialAction":[{"@type":"SearchAction","target":{"@type":"EntryPoint","urlTemplate":"https:\/\/albanian-american-institute.org\/sq\/?s={search_term_string}"},"query-input":{"@type":"PropertyValueSpecification","valueRequired":true,"valueName":"search_term_string"}}],"inLanguage":"sq"},{"@type":["Person","Organization"],"@id":"https:\/\/albanian-american-institute.org\/sq\/#\/schema\/person\/e1b18022e4c5b3f6e5647c000ac7c566","name":"admin-aai","image":{"@type":"ImageObject","inLanguage":"sq","@id":"https:\/\/secure.gravatar.com\/avatar\/5034325f5f268436bdd3215b21588654a01c97d76f1a0899054bd98511fa1193?s=96&d=mm&r=g","url":"https:\/\/secure.gravatar.com\/avatar\/5034325f5f268436bdd3215b21588654a01c97d76f1a0899054bd98511fa1193?s=96&d=mm&r=g","contentUrl":"https:\/\/secure.gravatar.com\/avatar\/5034325f5f268436bdd3215b21588654a01c97d76f1a0899054bd98511fa1193?s=96&d=mm&r=g","caption":"admin-aai"},"logo":{"@id":"https:\/\/secure.gravatar.com\/avatar\/5034325f5f268436bdd3215b21588654a01c97d76f1a0899054bd98511fa1193?s=96&d=mm&r=g"},"sameAs":["https:\/\/albanian-american-institute.org"],"url":"https:\/\/albanian-american-institute.org\/sq\/author\/admin-aai\/"}]}},"lang":"sq","translations":{"sq":27501,"en":27217},"_links":{"self":[{"href":"https:\/\/albanian-american-institute.org\/sq\/wp-json\/wp\/v2\/posts\/27501","targetHints":{"allow":["GET"]}}],"collection":[{"href":"https:\/\/albanian-american-institute.org\/sq\/wp-json\/wp\/v2\/posts"}],"about":[{"href":"https:\/\/albanian-american-institute.org\/sq\/wp-json\/wp\/v2\/types\/post"}],"author":[{"embeddable":true,"href":"https:\/\/albanian-american-institute.org\/sq\/wp-json\/wp\/v2\/users\/1"}],"replies":[{"embeddable":true,"href":"https:\/\/albanian-american-institute.org\/sq\/wp-json\/wp\/v2\/comments?post=27501"}],"version-history":[{"count":1,"href":"https:\/\/albanian-american-institute.org\/sq\/wp-json\/wp\/v2\/posts\/27501\/revisions"}],"predecessor-version":[{"id":27502,"href":"https:\/\/albanian-american-institute.org\/sq\/wp-json\/wp\/v2\/posts\/27501\/revisions\/27502"}],"wp:featuredmedia":[{"embeddable":true,"href":"https:\/\/albanian-american-institute.org\/sq\/wp-json\/wp\/v2\/media\/27218"}],"wp:attachment":[{"href":"https:\/\/albanian-american-institute.org\/sq\/wp-json\/wp\/v2\/media?parent=27501"}],"wp:term":[{"taxonomy":"category","embeddable":true,"href":"https:\/\/albanian-american-institute.org\/sq\/wp-json\/wp\/v2\/categories?post=27501"},{"taxonomy":"post_tag","embeddable":true,"href":"https:\/\/albanian-american-institute.org\/sq\/wp-json\/wp\/v2\/tags?post=27501"}],"curies":[{"name":"wp","href":"https:\/\/api.w.org\/{rel}","templated":true}]}}